{"id":7920,"date":"2025-01-13T20:00:09","date_gmt":"2025-01-14T00:00:09","guid":{"rendered":"https:\/\/agromt.news\/?p=7920"},"modified":"2025-01-13T20:00:09","modified_gmt":"2025-01-14T00:00:09","slug":"o-que-esperar-do-clima-em-2025-calor-extremo-e-chuvas-irregulares-estao-no-radar","status":"publish","type":"post","link":"https:\/\/agromt.news\/?p=7920","title":{"rendered":"O que esperar do clima em 2025? Calor extremo e chuvas irregulares est\u00e3o no radar"},"content":{"rendered":"<p> <br \/>\n<\/p>\n<div>\n<p>Come\u00e7amos o ano com mais um recorde de temperatura global. Segundo a ag\u00eancia de monitoramento clim\u00e1tico Copernicus, 2024 foi o ano mais quente j\u00e1 registrado na hist\u00f3ria, superando 2023. Foi a primeira que vez na era moderna que experimentamos por 12 meses consecutivos o aquecimento m\u00e9dio global acima de 1,5 \u00baC, o que joga um \u201cbalde de \u00e1gua quente\u201d nas metas do <strong><a href=\"http:\/\/www.canalrural.com.br\/tag\/acrodo-de-paris\/\/\">Acordo de Paris<\/a><\/strong>.<\/p>\n<p> Diversos eventos extremos ocorreram em todo o globo nos \u00faltimso dois anos, e isso gera inseguran\u00e7a no agron\u00e9gocio. A grande pergunta deste come\u00e7o de ano \u00e9: o que esperar de 2025? <\/p>\n<p>A tend\u00eancia de aquecimento do planeta permanece, j\u00e1 que as \u00e1guas de superficie dos oceanos em todo o globo continuam aquecidas e, ano ap\u00f3s ano, a emiss\u00e3o de CO<sup>2<\/sup> para atmosfera s\u00f3 aumenta. Assim, j\u00e1 de antem\u00e3o, sabemos que quando as chuvas cortarem no centro-norte do Brasil, a temperatura m\u00e1xima ir\u00e1 voltar para a casa de 40 \u00b0C a 42 \u00baC. Deve tamb\u00e9m haver novo atraso do per\u00edodo chuvoso para implementa\u00e7\u00e3o da safra de ver\u00e3o no Sudeste, Norte e Nordeste. <\/p>\n<figure class=\"wp-block-image size-large\"><img fetchpriority=\"high\" decoding=\"async\" width=\"1024\" height=\"768\" alt=\"\" class=\"wp-image-4083191\"  data-lazy- src=\"https:\/\/agromt.news\/wp-content\/uploads\/2025\/01\/O-que-esperar-do-clima-em-2025-Calor-extremo-e.png\"\/><img decoding=\"async\" width=\"1024\" height=\"768\" src=\"https:\/\/agromt.news\/wp-content\/uploads\/2025\/01\/O-que-esperar-do-clima-em-2025-Calor-extremo-e.png\" alt=\"\" class=\"wp-image-4083191\"  \/><\/figure>\n<p>Recentemente, a Administra\u00e7\u00e3o Oce\u00e2nica e Atmosf\u00e9rica Naciona (NOAA), ligado ao governo dos Estados Unidos, confirmou o retorno da La Ni\u00f1a, com breve dura\u00e7\u00e3o at\u00e9 mar\u00e7o de 2025. Por\u00e9m, os impactos do fen\u00f4meno v\u00e3o ser breves. Haver\u00e1 baixo volume de chuva no centro-sul do Rio Grande do Sul e excesso de chuva nas regi\u00f5es Sudeste e Centro-Oeste neste come\u00e7o de ano. As condi\u00e7\u00f5es trazem problemas para o produtor rural dessas \u00e1reas, pois atrasar\u00e3o a colheita da soja e, consequentemente, tamb\u00e9m o \u00ednicio da semeadura do milho segunda safra. <\/p>\n<p>Por outro lado, o cen\u00e1rio ajuda a levar um bom volume de chuva para o Matopiba, onde a proje\u00e7\u00e3o \u00e9 de uma boa safra. <\/p>\n<p>Problemas de queimadas e seca na pa\u00eds devem se repetir a partir da segunda metade do ano, j\u00e1 que o boletim da ag\u00eancia NOAA apesar indica \u00e1guas aquecidas no Pac\u00edfico Equatorial a partir de primavera, o que possivelmente indica o retorno do El Nin\u00f5 para o ultimo trimestre de 2025. <\/p>\n<p>Veja a seguir o que esperar do clima em todas as regi\u00f5es do Brasil neste ano. <\/p>\n<h2 class=\"wp-block-heading\" id=\"h-sul\">Sul<\/h2>\n<p>A tend\u00eancia indica regularidade nas chuvas no Paran\u00e1 at\u00e9 a primeira metade do ano, o que tamb\u00e9m vale para Santa Catarina.<\/p>\n<p>Situa\u00e7\u00e3o mais cr\u00edtica deve ser enfrentada pelo sul e oeste do Rio Grande do Sul,  que, al\u00e9m do calor neste primeiro trimestre, devem contar com chuvas irregulares e abaixo da m\u00e9dia. O que deve ter impactos significativos nas lavouras de ver\u00e3o.<\/p>\n<\/div>\n<div>\n<h2 class=\"wp-block-heading\" id=\"h-sudeste\">Sudeste<\/h2>\n<p>Os estados da regi\u00e3o devem enfrentar problemas nos primeiros quatro ou cinco meses do ano com o excesso de chuvas. Dessa forma, as opera\u00e7\u00f5es em campo devem sofrer atrasos desde o manejo e tratamento fitosanit\u00e1rio at\u00e9 o momento da colheita e implementa\u00e7\u00e3o da segunda safra. <\/p>\n<p>O caf\u00e9 continua sendo prejudicado pelo execesso de umidade, mas para as lavouras de cana-de-a\u00e7\u00facar, a tend\u00eancia \u00e9 de bom desenvolvimento. H\u00e1 previs\u00e3o de problemas durante a moagem, a partir de abril, justamente pelo fato de a chuva cortar mais tarde neste ano. <\/p>\n<h2 class=\"wp-block-heading\" id=\"h-centro-oeste\">Centro-Oeste<\/h2>\n<p>At\u00e9 abril ou maio, os tr\u00eas estados da regi\u00e3o podem enfrentar excesso de chuva, com atraso nas opera\u00e7\u00f5es de campo. <\/p>\n<p>As lavouras em Mato Grosso e Goi\u00e1s devem perder produtividade na safra de ver\u00e3o, devido \u00e0 falta de luminosidade e da dificuldade em serem realizados os tratos culturais. <\/p>\n<h2 class=\"wp-block-heading\" id=\"h-nordeste\">Nordeste<\/h2>\n<p>Como ocorre no Sudeste e no Centro-Oeste, os primeiros meses de 2025 devem trazer desafios \u00e0 aplica\u00e7\u00e3o dos tratos culturais, em fun\u00e7\u00e3o da chuva em excesso. <\/p>\n<p>Os estados que potencialmente ter\u00e3o mais problemas devido ao volume de \u00e1gua s\u00e3o o Maranh\u00e3o e o Piau\u00ed.  <\/p>\n<p>A proje\u00e7\u00e3o \u00e9 de uma safra boa na Bahia e nos demais estados da faixa leste da regi\u00e3o. <\/p>\n<h2 class=\"wp-block-heading\" id=\"h-norte\">Norte<\/h2>\n<p>O Tocantins \u00e9 outro estado que deve receber muito volume de chuva at\u00e9 abril ou maio. J\u00e1 no Par\u00e1, a chuva deve se concentrar principalmente na por\u00e7\u00e3o centro-sul do estado, ficando mais irregular na por\u00e7\u00e3o norte, o que pode impactar diretamente a produ\u00e7\u00e3o de importantes mun\u00edcipios produtores, como Paragominas e Santar\u00e9m. <\/p>\n<p>Em Rond\u00f4nia, as chuvas regulares v\u00e3o ajudar tanto a pecu\u00e1ria, com a recupera\u00e7\u00e3o das pastagens, quanto as lavouras em desenvolvimento.<\/p>\n<\/p><\/div>\n<p><br \/>\n<br \/><a href=\"https:\/\/www.canalrural.com.br\/tempo\/o-que-esperar-do-clima-em-2025-calor-extremo-e-chuvas-irregulares-estao-no-radar\/\">Source link <\/a><\/p>\n","protected":false},"excerpt":{"rendered":"<p>Come\u00e7amos o ano com mais um recorde de temperatura global. Segundo a ag\u00eancia de monitoramento clim\u00e1tico Copernicus, 2024 foi o<\/p>\n","protected":false},"author":1,"featured_media":7921,"comment_status":"open","ping_status":"open","sticky":false,"template":"","format":"standard","meta":{"_monsterinsights_skip_tracking":false,"_monsterinsights_sitenote_active":false,"_monsterinsights_sitenote_note":"","_monsterinsights_sitenote_category":0,"_uf_show_specific_survey":0,"_uf_disable_surveys":false,"footnotes":""},"categories":[1],"tags":[],"class_list":["post-7920","post","type-post","status-publish","format-standard","has-post-thumbnail","hentry","category-news"],"_links":{"self":[{"href":"https:\/\/agromt.news\/index.php?rest_route=\/wp\/v2\/posts\/7920"}],"collection":[{"href":"https:\/\/agromt.news\/index.php?rest_route=\/wp\/v2\/posts"}],"about":[{"href":"https:\/\/agromt.news\/index.php?rest_route=\/wp\/v2\/types\/post"}],"author":[{"embeddable":true,"href":"https:\/\/agromt.news\/index.php?rest_route=\/wp\/v2\/users\/1"}],"replies":[{"embeddable":true,"href":"https:\/\/agromt.news\/index.php?rest_route=%2Fwp%2Fv2%2Fcomments&post=7920"}],"version-history":[{"count":0,"href":"https:\/\/agromt.news\/index.php?rest_route=\/wp\/v2\/posts\/7920\/revisions"}],"wp:featuredmedia":[{"embeddable":true,"href":"https:\/\/agromt.news\/index.php?rest_route=\/wp\/v2\/media\/7921"}],"wp:attachment":[{"href":"https:\/\/agromt.news\/index.php?rest_route=%2Fwp%2Fv2%2Fmedia&parent=7920"}],"wp:term":[{"taxonomy":"category","embeddable":true,"href":"https:\/\/agromt.news\/index.php?rest_route=%2Fwp%2Fv2%2Fcategories&post=7920"},{"taxonomy":"post_tag","embeddable":true,"href":"https:\/\/agromt.news\/index.php?rest_route=%2Fwp%2Fv2%2Ftags&post=7920"}],"curies":[{"name":"wp","href":"https:\/\/api.w.org\/{rel}","templated":true}]}}