{"id":7913,"date":"2025-01-13T18:35:07","date_gmt":"2025-01-13T22:35:07","guid":{"rendered":"https:\/\/agromt.news\/?p=7913"},"modified":"2025-01-13T18:35:07","modified_gmt":"2025-01-13T22:35:07","slug":"chuva-deve-superar-os-150-mm-em-areas-de-3-regioes-brasileiras-durante-a-semana","status":"publish","type":"post","link":"https:\/\/agromt.news\/?p=7913","title":{"rendered":"Chuva deve superar os 150 mm em \u00e1reas de 3 regi\u00f5es brasileiras durante a semana"},"content":{"rendered":"<p> <br \/>\n<\/p>\n<div>\n<p>Volume de chuva entre 80 mm em diversas regi\u00f5es do pa\u00eds marcam a semana. Por\u00e9m, em \u00e1reas do Centro-Oeste, Sudeste e Nordeste (tons em rosa no mapa abaixo), o \u00edndice pluviom\u00e9trico deve ultrapassar os <strong>150 mm<\/strong>.<\/p>\n<p>Confira a previs\u00e3o do tempo do informativo semanal do Instituto Nacional de Meteorologia <strong><a href=\"https:\/\/portal.inmet.gov.br\/\">(Inmet)<\/a><\/strong> entre os dias 13 e 20 de janeiro.<\/p>\n<h2 class=\"wp-block-heading\" id=\"h-sul\">Sul<\/h2>\n<figure class=\"wp-block-image size-full\"><img fetchpriority=\"high\" decoding=\"async\" width=\"389\" height=\"464\" alt=\"mapa chuva nas 5 regi\u00f5es do Brasil \" class=\"wp-image-4083175\"  data-lazy- src=\"https:\/\/agromt.news\/wp-content\/uploads\/2025\/01\/Chuva-deve-superar-os-150-mm-em-areas-de-3.jpg\"\/><img decoding=\"async\" width=\"389\" height=\"464\" src=\"https:\/\/agromt.news\/wp-content\/uploads\/2025\/01\/Chuva-deve-superar-os-150-mm-em-areas-de-3.jpg\" alt=\"mapa chuva nas 5 regi\u00f5es do Brasil \" class=\"wp-image-4083175\"  \/><figcaption class=\"wp-element-caption\">Foto: Reprodu\u00e7\u00e3o Inmet<\/figcaption><\/figure>\n<p>A semana come\u00e7a com tempo firme em quase toda a Regi\u00e3o Sul. Por\u00e9m, chuvas intensas s\u00e3o esperadas a partir do pr\u00f3ximo s\u00e1bado (18) devido \u00e0s \u00e1reas de instabilidade. Os acumulados previstos tendem a ficar entre 30 mm e 50 mm em quase toda a regi\u00e3o, com algumas \u00e1reas ultrapassando <strong>80 mm.<\/strong><\/p>\n<h2 class=\"wp-block-heading\" id=\"h-sudeste\">Sudeste<\/h2>\n<p>A converg\u00eancia de umidade ficar\u00e1 posicionada na por\u00e7\u00e3o mais ao norte, proporcionando chuvas com acumulados acima de 50 mm no noroeste de Minas Gerais, podendo ultrapassar <strong>100 mm <\/strong>em algumas localidades. Nas demais \u00e1reas do Sudeste, o volume deve variar entre 10 mm e 30 mm.<\/p>\n<h2 class=\"wp-block-heading\" id=\"h-centro-oeste\">Centro-Oeste<\/h2>\n<p>A converg\u00eancia de umidade favorecer\u00e1 a persist\u00eancia de \u00e1reas de instabilidade proporcionando chuvas em toda Regi\u00e3o. Est\u00e3o previstas acumulados acima de <strong>80 mm<\/strong> em \u00e1reas de Mato Grosso, centro-norte do Goi\u00e1s e centro-oeste do Mato Grosso do Sul, podendo atingir <strong>150 mm<\/strong> em algumas localidades (tons de rosa no mapa). No centro-leste de Mato Grosso do Sul e sul de Goi\u00e1s, as chuvas variar\u00e3o entre 30 mm e 50 mm.<\/p>\n<h2 class=\"wp-block-heading\" id=\"h-nordeste\">Nordeste<\/h2>\n<p>A previs\u00e3o indica chuva em quase toda a regi\u00e3o, com possibilidade de acumulados acima de <strong>80 mm<\/strong> em \u00e1reas da <strong><a href=\"https:\/\/www.canalrural.com.br\/nacional\/bahia\/\">Bahia<\/a><\/strong>, oeste de Pernambuco, da Para\u00edba, do Cear\u00e1, Piau\u00ed e Tocantins. A partir de sexta-feira (17), a aproxima\u00e7\u00e3o de um V\u00f3rtice Cicl\u00f4nico de Altos N\u00edveis (VCAN) come\u00e7a a provocar chuva na Regi\u00e3o.<\/p>\n<\/div>\n<div>\n<h2 class=\"wp-block-heading\" id=\"h-norte\">Norte <\/h2>\n<p>\u00c1reas de instabilidade associadas ao calor e \u00e0 alta umidade provocar\u00e3o pancadas de chuva ao longo da semana, com acumulados acima de 30 mm (tons de verde no mapa) em grande parte da regi\u00e3o. <\/p>\n<p>As chuvas podem superar <strong>80 mm<\/strong> em alguns locais (tons de vermelho a rosa) em \u00e1reas pontuais do sudeste do Amazonas, sul e leste do Par\u00e1 e Tocantins. Por outro lado, no noroeste do Par\u00e1, sudeste do Amazonas e em grande parte de Roraima, os acumulados dever\u00e3o ficar abaixo de 20 mm ou com aus\u00eancia de chuva (\u00e1reas em branco).<\/p>\n<h2 class=\"wp-block-heading\" id=\"h-temperaturas-minas-e-maximas\">Temperaturas m\u00ednas e m\u00e1ximas<\/h2>\n<p>Para os pr\u00f3ximos dias, as temperaturas m\u00e1ximas permanecem elevadas em grande parte das Regi\u00e3o Norte com valores entre 26\u00b0C e 36\u00b0C. Na Regi\u00e3o Nordeste, as m\u00e1ximas estar\u00e3o entre 22\u00b0C a 36\u00b0C. <\/p>\n<p>J\u00e1 no Centro-Oeste, as os term\u00f4metros tamb\u00e9m estar\u00e3o elevados e devem variar entre 20\u00b0C e 34\u00b0C. Enquanto isso, nas Regi\u00f5es Sudeste e Sul, os valores estar\u00e3o entre 20\u00b0C e 34\u00b0C.<\/p>\n<p>As temperaturas m\u00ednimas seguir\u00e3o entre 22\u00b0C e 26\u00b0C na Regi\u00e3o Norte, enquanto no Nordeste, as m\u00ednimas devem variar entre 20\u00b0C e 26\u00b0C. <\/p>\n<p>No Centro-Oeste, espera-se que as m\u00ednimas fiquem entre 20\u00b0C e 26\u00b0C ao longo da semana. Nas Regi\u00f5es Sudeste e Sul, as m\u00ednimas no in\u00edcio da semana estar\u00e3o entre 14\u00b0C e 22\u00b0C, com tend\u00eancia a aumenta e variar entre 18\u00b0C e 28\u00b0C.<\/p>\n<\/p><\/div>\n<p><br \/>\n<br \/><a href=\"https:\/\/www.canalrural.com.br\/tempo\/chuva-deve-superar-os-150-mm-em-areas-de-3-regioes-brasileiras-durante-a-semana\/\">Source link <\/a><\/p>\n","protected":false},"excerpt":{"rendered":"<p>Volume de chuva entre 80 mm em diversas regi\u00f5es do pa\u00eds marcam a semana. Por\u00e9m, em \u00e1reas do Centro-Oeste, Sudeste<\/p>\n","protected":false},"author":1,"featured_media":7188,"comment_status":"open","ping_status":"open","sticky":false,"template":"","format":"standard","meta":{"_monsterinsights_skip_tracking":false,"_monsterinsights_sitenote_active":false,"_monsterinsights_sitenote_note":"","_monsterinsights_sitenote_category":0,"_uf_show_specific_survey":0,"_uf_disable_surveys":false,"footnotes":""},"categories":[1],"tags":[],"class_list":["post-7913","post","type-post","status-publish","format-standard","has-post-thumbnail","hentry","category-news"],"_links":{"self":[{"href":"https:\/\/agromt.news\/index.php?rest_route=\/wp\/v2\/posts\/7913"}],"collection":[{"href":"https:\/\/agromt.news\/index.php?rest_route=\/wp\/v2\/posts"}],"about":[{"href":"https:\/\/agromt.news\/index.php?rest_route=\/wp\/v2\/types\/post"}],"author":[{"embeddable":true,"href":"https:\/\/agromt.news\/index.php?rest_route=\/wp\/v2\/users\/1"}],"replies":[{"embeddable":true,"href":"https:\/\/agromt.news\/index.php?rest_route=%2Fwp%2Fv2%2Fcomments&post=7913"}],"version-history":[{"count":0,"href":"https:\/\/agromt.news\/index.php?rest_route=\/wp\/v2\/posts\/7913\/revisions"}],"wp:featuredmedia":[{"embeddable":true,"href":"https:\/\/agromt.news\/index.php?rest_route=\/wp\/v2\/media\/7188"}],"wp:attachment":[{"href":"https:\/\/agromt.news\/index.php?rest_route=%2Fwp%2Fv2%2Fmedia&parent=7913"}],"wp:term":[{"taxonomy":"category","embeddable":true,"href":"https:\/\/agromt.news\/index.php?rest_route=%2Fwp%2Fv2%2Fcategories&post=7913"},{"taxonomy":"post_tag","embeddable":true,"href":"https:\/\/agromt.news\/index.php?rest_route=%2Fwp%2Fv2%2Ftags&post=7913"}],"curies":[{"name":"wp","href":"https:\/\/api.w.org\/{rel}","templated":true}]}}