{"id":7907,"date":"2025-01-13T16:41:25","date_gmt":"2025-01-13T20:41:25","guid":{"rendered":"https:\/\/agromt.news\/?p=7907"},"modified":"2025-01-13T16:41:25","modified_gmt":"2025-01-13T20:41:25","slug":"projeto-da-maior-obra-logistica-do-brasil-recebe-r-400-milhoes-do-governo","status":"publish","type":"post","link":"https:\/\/agromt.news\/?p=7907","title":{"rendered":"Projeto da maior obra log\u00edstica do Brasil recebe R$ 400 milh\u00f5es do Governo"},"content":{"rendered":"<p> <br \/>\n<br \/><img decoding=\"async\" src=\"https:\/\/agromt.news\/wp-content\/uploads\/2025\/01\/Projeto-da-maior-obra-logistica-do-Brasil-recebe-R-400.jpeg\" \/><\/p>\n<div>\n<p>A <strong><a href=\"https:\/\/www.canalrural.com.br\/tag\/sudene\/\">Superintend\u00eancia do Desenvolvimento do Nordeste (Sudene)<\/a><\/strong> autorizou a libera\u00e7\u00e3o da primeira parcela de R$ 400 milh\u00f5es do aditivo de R$ 3,6 bilh\u00f5es para as obras da ferrovia <strong><a href=\"https:\/\/www.canalrural.com.br\/tag\/transnordestina\/\">Transnordestina<\/a><\/strong>, que ligar\u00e1 os estados do Cear\u00e1 e do Piau\u00ed.<\/p>\n<p>Considerada o maior projeto nacional de infraestrutura log\u00edstica, a ferrovia \u00e9 estrat\u00e9gica para o transporte de alimentos e insumos, atendendo tanto o mercado interno quanto a exporta\u00e7\u00e3o. Segundo o <strong><a href=\"https:\/\/www.canalrural.com.br\/tag\/minist%C3%A9riodostransportes\/\">Minist\u00e9rio dos Transportes<\/a><\/strong>, o empreendimento \u00e9 uma prioridade do Governo Federal.<\/p>\n<blockquote class=\"wp-block-quote is-layout-flow wp-block-quote-is-layout-flow\">\n<p>\u201cAs obras da Transnordestina retomaram o ritmo em 2023, com a volta de investimentos federais. O empenho do governo \u00e9 para que a entrega da Fase 1 da ferrovia ocorra at\u00e9 2027 e at\u00e9 2029 a Fase 2\u201d, informou a pasta.<\/p>\n<\/blockquote>\n<p>A Transnordestina, quando conclu\u00edda, cruzar\u00e1 os estados do Piau\u00ed, Cear\u00e1 e Pernambuco. O repasse de recursos ser\u00e1 realizado por meio de cr\u00e9dito do Fundo de Desenvolvimento do Nordeste (FDNE).<\/p>\n<\/div>\n<div>\n<h2 class=\"wp-block-heading\" id=\"h-retomada-no-ramal-pernambucano\">Retomada no ramal pernambucano<\/h2>\n<p>O Minist\u00e9rio dos Transportes tamb\u00e9m destacou que, em 2021, por inviabilidade financeira, o governo da \u00e9poca excluiu o ramal pernambucano da Transnordestina do contrato de concess\u00e3o. No estado, as obras haviam avan\u00e7ado at\u00e9 Cust\u00f3dia, no Sert\u00e3o.<\/p>\n<p>Agora, o governo federal planeja retomar o trecho entre as cidades de Salgueiro e o Porto de Suape como uma obra p\u00fablica, integrando o projeto ao <strong><a href=\"https:\/\/www.canalrural.com.br\/tag\/novopac\/\">Novo Programa de Acelera\u00e7\u00e3o do Crescimento (Novo PAC)<\/a><\/strong>, com prioridade na destina\u00e7\u00e3o de recursos.<\/p>\n<p>A Infra S.A. \u00e9 a respons\u00e1vel pela elabora\u00e7\u00e3o do projeto executivo. Segundo o Minist\u00e9rio dos Transportes, a previs\u00e3o \u00e9 de que o planejamento seja conclu\u00eddo at\u00e9 o segundo semestre de 2025. \u201cO Governo Federal destinou inicialmente R$ 450 milh\u00f5es ao segmento, com possibilidade de ajustes ap\u00f3s a finaliza\u00e7\u00e3o do projeto\u201d, informou a nota oficial.<\/p>\n<\/p><\/div>\n<p><br \/>\n<br \/><a href=\"https:\/\/www.canalrural.com.br\/economia\/logistica\/projeto-da-maior-obra-logistica-do-brasil-recebe-r-400-milhoes-do-governo\/\">Source link <\/a><\/p>\n","protected":false},"excerpt":{"rendered":"<p>A Superintend\u00eancia do Desenvolvimento do Nordeste (Sudene) autorizou a libera\u00e7\u00e3o da primeira parcela de R$ 400 milh\u00f5es do aditivo de<\/p>\n","protected":false},"author":1,"featured_media":7908,"comment_status":"open","ping_status":"open","sticky":false,"template":"","format":"standard","meta":{"_monsterinsights_skip_tracking":false,"_monsterinsights_sitenote_active":false,"_monsterinsights_sitenote_note":"","_monsterinsights_sitenote_category":0,"_uf_show_specific_survey":0,"_uf_disable_surveys":false,"footnotes":""},"categories":[1],"tags":[],"class_list":["post-7907","post","type-post","status-publish","format-standard","has-post-thumbnail","hentry","category-news"],"_links":{"self":[{"href":"https:\/\/agromt.news\/index.php?rest_route=\/wp\/v2\/posts\/7907"}],"collection":[{"href":"https:\/\/agromt.news\/index.php?rest_route=\/wp\/v2\/posts"}],"about":[{"href":"https:\/\/agromt.news\/index.php?rest_route=\/wp\/v2\/types\/post"}],"author":[{"embeddable":true,"href":"https:\/\/agromt.news\/index.php?rest_route=\/wp\/v2\/users\/1"}],"replies":[{"embeddable":true,"href":"https:\/\/agromt.news\/index.php?rest_route=%2Fwp%2Fv2%2Fcomments&post=7907"}],"version-history":[{"count":0,"href":"https:\/\/agromt.news\/index.php?rest_route=\/wp\/v2\/posts\/7907\/revisions"}],"wp:featuredmedia":[{"embeddable":true,"href":"https:\/\/agromt.news\/index.php?rest_route=\/wp\/v2\/media\/7908"}],"wp:attachment":[{"href":"https:\/\/agromt.news\/index.php?rest_route=%2Fwp%2Fv2%2Fmedia&parent=7907"}],"wp:term":[{"taxonomy":"category","embeddable":true,"href":"https:\/\/agromt.news\/index.php?rest_route=%2Fwp%2Fv2%2Fcategories&post=7907"},{"taxonomy":"post_tag","embeddable":true,"href":"https:\/\/agromt.news\/index.php?rest_route=%2Fwp%2Fv2%2Ftags&post=7907"}],"curies":[{"name":"wp","href":"https:\/\/api.w.org\/{rel}","templated":true}]}}