{"id":790,"date":"2024-08-26T15:15:17","date_gmt":"2024-08-26T19:15:17","guid":{"rendered":"https:\/\/agromt.news\/?p=790"},"modified":"2024-08-26T15:15:17","modified_gmt":"2024-08-26T19:15:17","slug":"sp-mantem-gabinete-de-crise-e-reforca-acoes-para-combater-incendios","status":"publish","type":"post","link":"https:\/\/agromt.news\/?p=790","title":{"rendered":"SP mant\u00e9m gabinete de crise e refor\u00e7a a\u00e7\u00f5es para combater inc\u00eandios"},"content":{"rendered":"<p> <br \/>\n<br \/><img decoding=\"async\" src=\"https:\/\/agromt.news\/wp-content\/uploads\/2024\/08\/SP-mantem-gabinete-de-crise-e-reforca-acoes-para-combater.jpeg\" \/><\/p>\n<div>\n<p>O <a href=\"https:\/\/www.canalrural.com.br\/tag\/estado-de-sao-paulo\/\">governo de S\u00e3o Paulo<\/a> segue com opera\u00e7\u00f5es para combater os inc\u00eandios florestais que atingem o interior do estado. Nesta segunda-feira (26), o gabinete de crise e o posto avan\u00e7ado em Ribeir\u00e3o Preto continuam ativos para coordenar as a\u00e7\u00f5es de controle das queimadas. <\/p>\n<figure class=\"wp-block-embed is-type-video is-provider-youtube wp-block-embed-youtube wp-embed-aspect-16-9 wp-has-aspect-ratio\">\n<p>\n<iframe title=\"Controle de inc\u00eandios: governo de S\u00e3o Paulo cria gabinete de crise em Ribeir\u00e3o Preto\" width=\"800\" height=\"450\" src=\"https:\/\/www.youtube.com\/embed\/bgTf4KPlOdg?feature=oembed\" frameborder=\"0\" allow=\"accelerometer; autoplay; clipboard-write; encrypted-media; gyroscope; picture-in-picture; web-share\" referrerpolicy=\"strict-origin-when-cross-origin\" allowfullscreen><\/iframe><noscript><iframe title=\"Controle de inc\u00eandios: governo de S\u00e3o Paulo cria gabinete de crise em Ribeir\u00e3o Preto\" width=\"800\" height=\"450\" src=\"https:\/\/www.youtube.com\/embed\/bgTf4KPlOdg?feature=oembed\" frameborder=\"0\" allow=\"accelerometer; autoplay; clipboard-write; encrypted-media; gyroscope; picture-in-picture; web-share\" referrerpolicy=\"strict-origin-when-cross-origin\" allowfullscreen><\/iframe><\/noscript>\n<\/p>\n<\/figure>\n<p>No domingo (25), o n\u00famero de munic\u00edpios com focos ativos de inc\u00eandio foi reduzido para seis, enquanto 48 cidades permanecem em alerta m\u00e1ximo, conforme monitoramento do Centro de Gerenciamento de Emerg\u00eancias (CGE) da Defesa Civil. Todas as rodovias que haviam sido interditadas devido \u00e0 fuma\u00e7a foram liberadas.<\/p>\n<p><em>Confira na palma da m\u00e3o informa\u00e7\u00f5es quentes sobre agricultura, pecu\u00e1ria, economia e previs\u00e3o do tempo:<\/em><a href=\"https:\/\/www.whatsapp.com\/channel\/0029Va9VnZxGk1FplZjiW43k\"><em> <\/em><strong>siga o Canal Rural no WhatsApp<\/strong><\/a>!<\/p>\n<\/div>\n<div>\n<p>O gabinete de crise integra especialistas da Defesa Civil, das secretarias estaduais da Seguran\u00e7a P\u00fablica, Agricultura e Abastecimento, e Meio Ambiente, Infraestrutura e Log\u00edstica (Semil), com apoio das For\u00e7as Armadas, Funda\u00e7\u00e3o Florestal, Departamento de Estradas de Rodagem (DER), Defesas Civis Municipais e brigadistas volunt\u00e1rios. Ao todo, 15.335 pessoas est\u00e3o envolvidas nos esfor\u00e7os de combate ao fogo e na orienta\u00e7\u00e3o da popula\u00e7\u00e3o.<\/p>\n<h3 class=\"wp-block-heading\" id=\"h-apoio-aereo-e-infraestrutura\"><strong>Apoio a\u00e9reo e infraestrutura<\/strong><\/h3>\n<p>Para refor\u00e7ar o combate aos inc\u00eandios, o governo federal enviou sete aeronaves, incluindo um KC-390. Al\u00e9m disso, dez aeronaves da Pol\u00edcia Militar e mais de 600 viaturas do Corpo de Bombeiros, junto com 1.936 caminh\u00f5es-pipa, est\u00e3o em opera\u00e7\u00e3o, totalizando mais de 3 mil ve\u00edculos envolvidos na a\u00e7\u00e3o.<\/p>\n<h3 class=\"wp-block-heading\" id=\"h-incendios-criminosos-e-detencoes\"><strong>Inc\u00eandios criminosos e deten\u00e7\u00f5es<\/strong><\/h3>\n<p>A Pol\u00edcia Civil intensificou as investiga\u00e7\u00f5es sobre inc\u00eandios criminosos nas \u00e1reas afetadas. Neste domingo, um homem de 42 anos foi preso em flagrante em Batatais, regi\u00e3o de Franca, ap\u00f3s ter sido denunciado por moradores ao atear fogo em uma \u00e1rea de mata. Em S\u00e3o Jos\u00e9 do Rio Preto, um idoso de 76 anos tamb\u00e9m foi detido por iniciar um inc\u00eandio em lixo em uma \u00e1rea de mata. Investiga\u00e7\u00f5es sobre outros casos suspeitos continuam em andamento.<\/p>\n<h3 class=\"wp-block-heading\" id=\"h-ajuda-humanitaria-e-plano-emergencial-de-saude\"><strong>Ajuda humanit\u00e1ria e plano emergencial de sa\u00fade<\/strong><\/h3>\n<p>A Defesa Civil e o Fundo Social do Estado enviaram ajuda humanit\u00e1ria para Prad\u00f3polis, na regi\u00e3o de Ribeir\u00e3o Preto, que incluiu colch\u00f5es, cestas b\u00e1sicas e \u00e1gua para as fam\u00edlias deslocadas pelas queimadas. Al\u00e9m disso, o governador Tarc\u00edsio de Freitas anunciou um plano emergencial de sa\u00fade para ampliar a capacidade de atendimento das unidades de sa\u00fade na regi\u00e3o de Ribeir\u00e3o Preto, uma das mais afetadas pelo fogo.<\/p>\n<p>O plano inclui servi\u00e7os de telemedicina, amplia\u00e7\u00e3o de leitos de observa\u00e7\u00e3o, distribui\u00e7\u00e3o de kits de higiene para popula\u00e7\u00f5es vulner\u00e1veis e instala\u00e7\u00e3o de pontos de hidrata\u00e7\u00e3o. Medidas adicionais para garantir o fornecimento de energia, \u00e1gua e dados nas unidades de sa\u00fade tamb\u00e9m foram adotadas, incluindo a utiliza\u00e7\u00e3o de carros-pipa e instala\u00e7\u00e3o de climatizadores e umidificadores.<\/p>\n<h3 class=\"wp-block-heading\" id=\"h-situacao-de-emergencia-e-seguro-rural\"><strong>Situa\u00e7\u00e3o de emerg\u00eancia e seguro rural<\/strong><\/h3>\n<p>Diante da gravidade da situa\u00e7\u00e3o, o governador decretou estado de emerg\u00eancia por 180 dias em 45 munic\u00edpios devido aos inc\u00eandios que ocorreram entre 4 e 24 de agosto. O decreto foi publicado na edi\u00e7\u00e3o de s\u00e1bado do Di\u00e1rio Oficial do Estado. O Governo de S\u00e3o Paulo tamb\u00e9m disponibilizou R$ 100 milh\u00f5es para subven\u00e7\u00e3o ao seguro rural, oferecendo apoio financeiro aos produtores rurais afetados.<\/p>\n<h3 class=\"wp-block-heading\" id=\"h-orientacoes-a-populacao-e-cuidados-com-animais\"><strong>Orienta\u00e7\u00f5es \u00e0 popula\u00e7\u00e3o e cuidados com animais<\/strong><\/h3>\n<p>As autoridades orientam a popula\u00e7\u00e3o a evitar \u00e1reas de fogo, manter a hidrata\u00e7\u00e3o, usar m\u00e1scaras PFF2\/N95 ao sair de casa e procurar atendimento m\u00e9dico em caso de sintomas respirat\u00f3rios. A Secretaria de Meio Ambiente, Infraestrutura e Log\u00edstica tamb\u00e9m montou uma opera\u00e7\u00e3o especial para cuidar de animais silvestres afetados pelos inc\u00eandios, com atendimento integral no Centro de Triagem e Reabilita\u00e7\u00e3o de Animais Silvestres (Cetras).<\/p>\n<p>A opera\u00e7\u00e3o continua a todo vapor, com as autoridades monitorando de perto a situa\u00e7\u00e3o para garantir a seguran\u00e7a da popula\u00e7\u00e3o e a preserva\u00e7\u00e3o do meio ambiente.<\/p>\n<\/div>\n<p><br \/>\n<br \/><a href=\"https:\/\/www.canalrural.com.br\/nacional\/sp-mantem-gabinete-de-crise-e-reforca-acoes-para-combater-incendios\/\">Source link <\/a><\/p>\n","protected":false},"excerpt":{"rendered":"<p>O governo de S\u00e3o Paulo segue com opera\u00e7\u00f5es para combater os inc\u00eandios florestais que atingem o interior do estado. Nesta<\/p>\n","protected":false},"author":1,"featured_media":791,"comment_status":"open","ping_status":"open","sticky":false,"template":"","format":"standard","meta":{"_monsterinsights_skip_tracking":false,"_monsterinsights_sitenote_active":false,"_monsterinsights_sitenote_note":"","_monsterinsights_sitenote_category":0,"_uf_show_specific_survey":0,"_uf_disable_surveys":false,"footnotes":""},"categories":[1],"tags":[],"class_list":["post-790","post","type-post","status-publish","format-standard","has-post-thumbnail","hentry","category-news"],"_links":{"self":[{"href":"https:\/\/agromt.news\/index.php?rest_route=\/wp\/v2\/posts\/790"}],"collection":[{"href":"https:\/\/agromt.news\/index.php?rest_route=\/wp\/v2\/posts"}],"about":[{"href":"https:\/\/agromt.news\/index.php?rest_route=\/wp\/v2\/types\/post"}],"author":[{"embeddable":true,"href":"https:\/\/agromt.news\/index.php?rest_route=\/wp\/v2\/users\/1"}],"replies":[{"embeddable":true,"href":"https:\/\/agromt.news\/index.php?rest_route=%2Fwp%2Fv2%2Fcomments&post=790"}],"version-history":[{"count":0,"href":"https:\/\/agromt.news\/index.php?rest_route=\/wp\/v2\/posts\/790\/revisions"}],"wp:featuredmedia":[{"embeddable":true,"href":"https:\/\/agromt.news\/index.php?rest_route=\/wp\/v2\/media\/791"}],"wp:attachment":[{"href":"https:\/\/agromt.news\/index.php?rest_route=%2Fwp%2Fv2%2Fmedia&parent=790"}],"wp:term":[{"taxonomy":"category","embeddable":true,"href":"https:\/\/agromt.news\/index.php?rest_route=%2Fwp%2Fv2%2Fcategories&post=790"},{"taxonomy":"post_tag","embeddable":true,"href":"https:\/\/agromt.news\/index.php?rest_route=%2Fwp%2Fv2%2Ftags&post=790"}],"curies":[{"name":"wp","href":"https:\/\/api.w.org\/{rel}","templated":true}]}}