{"id":7899,"date":"2025-01-13T14:58:55","date_gmt":"2025-01-13T18:58:55","guid":{"rendered":"https:\/\/agromt.news\/?p=7899"},"modified":"2025-01-13T14:58:55","modified_gmt":"2025-01-13T18:58:55","slug":"selo-social-fortalece-agricultura-familiar","status":"publish","type":"post","link":"https:\/\/agromt.news\/?p=7899","title":{"rendered":"selo social fortalece agricultura familiar"},"content":{"rendered":"<p> <br \/>\n<br \/><img decoding=\"async\" src=\"https:\/\/agromt.news\/wp-content\/uploads\/2025\/01\/selo-social-fortalece-agricultura-familiar.jpeg\" \/><\/p>\n<div>\n<p>Nesta segunda-feira (13), o Brasil comemora 20 anos do marco legal do <strong><a href=\"https:\/\/www.canalrural.com.br\/tag\/biodiesel\/\">biodiesel<\/a><\/strong>, institu\u00eddo pela Lei 11.097\/2005, que introduziu o combust\u00edvel renov\u00e1vel \u00e0 matriz energ\u00e9tica do pa\u00eds. Desde ent\u00e3o, o biodiesel se tornou um pilar da sustentabilidade nacional, promovendo benef\u00edcios econ\u00f4micos, sociais e ambientais.<\/p>\n<p>Um dos destaques dessas duas d\u00e9cadas \u00e9 o Selo Biocombust\u00edvel Social, que fomenta a inclus\u00e3o de agricultores familiares na cadeia produtiva. O selo concede benef\u00edcios fiscais e incentivos comerciais \u00e0s empresas que utilizam mat\u00e9rias-primas fornecidas por pequenos produtores, promovendo a sustentabilidade e a transforma\u00e7\u00e3o social no campo.<\/p>\n<h2 class=\"wp-block-heading\" id=\"h-inclusao-no-agronegocio-e-geracao-de-renda\">Inclus\u00e3o no agroneg\u00f3cio e gera\u00e7\u00e3o de renda<\/h2>\n<p>Em 2024, o Selo Biocombust\u00edvel Social passou por uma atualiza\u00e7\u00e3o significativa. Al\u00e9m dos benef\u00edcios j\u00e1 existentes, foram lan\u00e7adas linhas de financiamento para projetos de pesquisa, estrutura\u00e7\u00e3o de cadeias produtivas e fortalecimento das organiza\u00e7\u00f5es de <strong><a href=\"https:\/\/www.canalrural.com.br\/tag\/agriculturafamiliar\/\">agricultura familiar<\/a><\/strong>. Essa reformula\u00e7\u00e3o busca ampliar a participa\u00e7\u00e3o dos pequenos produtores na cadeia do biodiesel, garantindo mais oportunidades e gera\u00e7\u00e3o de renda para o campo.<\/p>\n<p>Segundo o ministro de Minas e Energia, Alexandre Silveira, o selo simboliza um compromisso estrat\u00e9gico do governo com o desenvolvimento sustent\u00e1vel e a inclus\u00e3o social, integrando a agricultura familiar a uma cadeia de valor sustent\u00e1vel e com forte impacto econ\u00f4mico.<\/p>\n<h2 class=\"wp-block-heading\" id=\"h-avancos-do-biodiesel-em-duas-decadas\">Avan\u00e7os do biodiesel em duas d\u00e9cadas<\/h2>\n<p>Nessas duas d\u00e9cadas, a produ\u00e7\u00e3o nacional de biodiesel alcan\u00e7ou 77 bilh\u00f5es de litros, evitando a emiss\u00e3o de 240 milh\u00f5es de toneladas de g\u00e1s carb\u00f4nico e gerando uma economia de R$ 38 bilh\u00f5es com a redu\u00e7\u00e3o da importa\u00e7\u00e3o de diesel. Em 2024, o Brasil produziu 9 bilh\u00f5es de litros, marcando um crescimento de 19% em rela\u00e7\u00e3o ao ano anterior.<\/p>\n<p>Desde mar\u00e7o, o mercado opera com o diesel B14, que inclui 14% de biodiesel na mistura. Segundo o Atlas da Efici\u00eancia Energ\u00e9tica 2024, o biodiesel tem sido um grande aliado na redu\u00e7\u00e3o de emiss\u00f5es e no fortalecimento da seguran\u00e7a energ\u00e9tica do pa\u00eds.<br \/>Agricultura familiar no centro das pol\u00edticas p\u00fablicas<\/p>\n<\/div>\n<div>\n<p>O uso de mat\u00e9rias-primas sustent\u00e1veis, como \u00f3leo de soja, \u00f3leos residuais e gorduras animais, integra os planos do governo para diversificar e fortalecer a cadeia produtiva do biodiesel. Em dezembro de 2024, o Conselho Nacional de Pol\u00edtica Energ\u00e9tica aprovou uma resolu\u00e7\u00e3o para estimular o uso de \u00f3leos e gorduras residuais, com o objetivo de ampliar a base de mat\u00e9rias-primas e reduzir a depend\u00eancia de commodities tradicionais.<\/p>\n<p>As mudan\u00e7as trazidas pelo selo tamb\u00e9m refor\u00e7am o papel da agricultura familiar como um motor para o desenvolvimento sustent\u00e1vel promovendo n\u00e3o apenas a transi\u00e7\u00e3o energ\u00e9tica, mas tamb\u00e9m uma economia mais justa e resiliente, que valoriza o trabalho no campo e assegura alimentos e energia limpa para o pa\u00eds.<\/p>\n<h2 class=\"wp-block-heading\" id=\"h-o-futuro-do-biodiesel\">O futuro do biodiesel<\/h2>\n<p>Com a diversifica\u00e7\u00e3o das mat\u00e9rias-primas e o avan\u00e7o de novas tecnologias, como o Combust\u00edvel Sustent\u00e1vel de Avia\u00e7\u00e3o (SAF) e o diesel verde, o Brasil segue como refer\u00eancia global em biocombust\u00edveis.<\/p>\n<blockquote class=\"wp-block-quote is-layout-flow wp-block-quote-is-layout-flow\">\n<p>\u201cAs pol\u00edticas p\u00fablicas adotadas no Brasil para a mobilidade sustent\u00e1vel no transporte contribuem para o desenvolvimento de solu\u00e7\u00f5es tecnol\u00f3gicas alinhadas ao reconhecimento de que os biocombust\u00edveis desempenham um papel estrat\u00e9gico crucial em um dos maiores desafios do s\u00e9culo XXI que \u00e9 a transi\u00e7\u00e3o energ\u00e9tica. Esse desafio n\u00e3o envolve apenas a redu\u00e7\u00e3o das emiss\u00f5es de gases de efeito estufa, mas tamb\u00e9m a promo\u00e7\u00e3o de uma economia mais resiliente e sustent\u00e1vel\u201d, conclui.<\/p>\n<\/blockquote><\/div>\n<p><br \/>\n<br \/><a href=\"https:\/\/www.canalrural.com.br\/cop30\/20-anos-de-biodiesel-selo-social-fortalece-agricultura-familiar\/\">Source link <\/a><\/p>\n","protected":false},"excerpt":{"rendered":"<p>Nesta segunda-feira (13), o Brasil comemora 20 anos do marco legal do biodiesel, institu\u00eddo pela Lei 11.097\/2005, que introduziu o<\/p>\n","protected":false},"author":1,"featured_media":7900,"comment_status":"open","ping_status":"open","sticky":false,"template":"","format":"standard","meta":{"_monsterinsights_skip_tracking":false,"_monsterinsights_sitenote_active":false,"_monsterinsights_sitenote_note":"","_monsterinsights_sitenote_category":0,"_uf_show_specific_survey":0,"_uf_disable_surveys":false,"footnotes":""},"categories":[1],"tags":[],"class_list":["post-7899","post","type-post","status-publish","format-standard","has-post-thumbnail","hentry","category-news"],"_links":{"self":[{"href":"https:\/\/agromt.news\/index.php?rest_route=\/wp\/v2\/posts\/7899"}],"collection":[{"href":"https:\/\/agromt.news\/index.php?rest_route=\/wp\/v2\/posts"}],"about":[{"href":"https:\/\/agromt.news\/index.php?rest_route=\/wp\/v2\/types\/post"}],"author":[{"embeddable":true,"href":"https:\/\/agromt.news\/index.php?rest_route=\/wp\/v2\/users\/1"}],"replies":[{"embeddable":true,"href":"https:\/\/agromt.news\/index.php?rest_route=%2Fwp%2Fv2%2Fcomments&post=7899"}],"version-history":[{"count":0,"href":"https:\/\/agromt.news\/index.php?rest_route=\/wp\/v2\/posts\/7899\/revisions"}],"wp:featuredmedia":[{"embeddable":true,"href":"https:\/\/agromt.news\/index.php?rest_route=\/wp\/v2\/media\/7900"}],"wp:attachment":[{"href":"https:\/\/agromt.news\/index.php?rest_route=%2Fwp%2Fv2%2Fmedia&parent=7899"}],"wp:term":[{"taxonomy":"category","embeddable":true,"href":"https:\/\/agromt.news\/index.php?rest_route=%2Fwp%2Fv2%2Fcategories&post=7899"},{"taxonomy":"post_tag","embeddable":true,"href":"https:\/\/agromt.news\/index.php?rest_route=%2Fwp%2Fv2%2Ftags&post=7899"}],"curies":[{"name":"wp","href":"https:\/\/api.w.org\/{rel}","templated":true}]}}