{"id":7892,"date":"2025-01-13T12:20:31","date_gmt":"2025-01-13T16:20:31","guid":{"rendered":"https:\/\/agromt.news\/?p=7892"},"modified":"2025-01-13T12:20:31","modified_gmt":"2025-01-13T16:20:31","slug":"expocacer-bate-recorde-com-aumento-de-41-nas-exportacoes-de-cafe-em-2024","status":"publish","type":"post","link":"https:\/\/agromt.news\/?p=7892","title":{"rendered":"Expocacer bate recorde com aumento de 41% nas exporta\u00e7\u00f5es de caf\u00e9 em 2024"},"content":{"rendered":"<p> <br \/>\n<br \/><img decoding=\"async\" src=\"https:\/\/agromt.news\/wp-content\/uploads\/2025\/01\/Expocacer-bate-recorde-com-aumento-de-41-nas-exportacoes-de.jpg\" \/><\/p>\n<div>\n<p>A <strong><a href=\"https:\/\/www.canalrural.com.br\/tag\/expocacer\/\">Cooperativa dos Cafeicultores do Cerrado (Expocacer)<\/a><\/strong> alcan\u00e7ou um marco hist\u00f3rico em 2024, registrando um aumento de 41% nas exporta\u00e7\u00f5es de <strong><a href=\"https:\/\/www.canalrural.com.br\/tag\/caf%C3%A9\/\">caf\u00e9 <\/a><\/strong>em compara\u00e7\u00e3o ao ano anterior. Com mais de 550 mil sacas de 60 kg exportadas para mais de 35 pa\u00edses, a cooperativa faturou R$ 840 milh\u00f5es no mercado externo. Internamente, as vendas somaram 870 mil sacas, totalizando um faturamento anual de cerca de R$ 1,9 bilh\u00e3o.<\/p>\n<h2 class=\"wp-block-heading\" id=\"h-expansao-internacional-e-inovacao\">Expans\u00e3o internacional e inova\u00e7\u00e3o<\/h2>\n<p>Entre os destaques do ano, a Expocacer inaugurou representa\u00e7\u00f5es comerciais no Reino Unido e Coreia do Sul, al\u00e9m de um hub log\u00edstico nos <strong><a href=\"https:\/\/www.canalrural.com.br\/tag\/eua\/\">Estados Unidos<\/a><\/strong>. \u201cEssas a\u00e7\u00f5es foram cruciais para fortalecer nossa competitividade global e abrir novos mercados\u201d, destaca Italo Henrique, Diretor Comercial da cooperativa.<\/p>\n<p>Os principais destinos das exporta\u00e7\u00f5es da Expocacer incluem Fran\u00e7a, B\u00e9lgica, Jap\u00e3o, It\u00e1lia, Reino Unido e Estados Unidos, este \u00faltimo liderando com 15% das exporta\u00e7\u00f5es. Segundo a Mordor Intelligence, o mercado global de caf\u00e9, avaliado em US$ 132 bilh\u00f5es, deve atingir US$ 166 bilh\u00f5es at\u00e9 2029, impulsionado pela urbaniza\u00e7\u00e3o, aumento da renda dispon\u00edvel e pela prefer\u00eancia por produtos \u00e9ticos e sustent\u00e1veis.<\/p>\n<h2 class=\"wp-block-heading\" id=\"h-sustentabilidade-como-diferencial\">Sustentabilidade como diferencial<\/h2>\n<p>A Expocacer destacou-se com a aprova\u00e7\u00e3o do protocolo ECO By Expocacer, certificado pela Plataforma Global do Caf\u00e9 como refer\u00eancia em sustentabilidade. \u201cNossos caf\u00e9s possuem selos regenerativos, baixo carbono e org\u00e2nicos, garantindo rastreabilidade completa, e atendem \u00e0s expectativas das novas gera\u00e7\u00f5es, como os Millennials e a Gera\u00e7\u00e3o Z, que buscam produtos alinhados com valores de responsabilidade ambiental e transpar\u00eancia\u201d, afirma Sim\u00e3o Pedro de Lima, Diretor Presidente Executivo.<\/p>\n<\/div>\n<div>\n<p>A cooperativa tamb\u00e9m atendeu \u00e0s exig\u00eancias da Lei de Antidesmatamento da Uni\u00e3o Europeia (EUDR), consolidando-se como uma refer\u00eancia em pr\u00e1ticas sustent\u00e1veis e exporta\u00e7\u00f5es certificadas.<\/p>\n<h2 class=\"wp-block-heading\" id=\"h-inovacoes-que-conquistam-consumidores\">Inova\u00e7\u00f5es que conquistam consumidores<\/h2>\n<p>A busca por experi\u00eancias sensoriais diferenciadas, com notas florais e sabores \u00fanicos, tamb\u00e9m contribuiu para impulsionar o mercado cafeeiro. \u201cTrabalhamos para preservar a qualidade da Regi\u00e3o do Cerrado Mineiro, entregando caf\u00e9s que atendem \u00e0 crescente demanda por inova\u00e7\u00f5es e experi\u00eancias degustativas exclusivas\u201d, conclui Italo Henrique.<\/p>\n<p>Combinando inova\u00e7\u00e3o, sustentabilidade e expans\u00e3o internacional, a Expocacer n\u00e3o apenas bateu recordes em 2024, mas tamb\u00e9m refor\u00e7ou seu papel como protagonista no mercado global de caf\u00e9.<\/p>\n<\/p><\/div>\n<p><br \/>\n<br \/><a href=\"https:\/\/www.canalrural.com.br\/agricultura\/cafe\/expocacer-bate-recorde-com-aumento-de-41-nas-exportacoes-de-cafe-em-2024\/\">Source link <\/a><\/p>\n","protected":false},"excerpt":{"rendered":"<p>A Cooperativa dos Cafeicultores do Cerrado (Expocacer) alcan\u00e7ou um marco hist\u00f3rico em 2024, registrando um aumento de 41% nas exporta\u00e7\u00f5es<\/p>\n","protected":false},"author":1,"featured_media":7893,"comment_status":"open","ping_status":"open","sticky":false,"template":"","format":"standard","meta":{"_monsterinsights_skip_tracking":false,"_monsterinsights_sitenote_active":false,"_monsterinsights_sitenote_note":"","_monsterinsights_sitenote_category":0,"_uf_show_specific_survey":0,"_uf_disable_surveys":false,"footnotes":""},"categories":[1],"tags":[],"class_list":["post-7892","post","type-post","status-publish","format-standard","has-post-thumbnail","hentry","category-news"],"_links":{"self":[{"href":"https:\/\/agromt.news\/index.php?rest_route=\/wp\/v2\/posts\/7892"}],"collection":[{"href":"https:\/\/agromt.news\/index.php?rest_route=\/wp\/v2\/posts"}],"about":[{"href":"https:\/\/agromt.news\/index.php?rest_route=\/wp\/v2\/types\/post"}],"author":[{"embeddable":true,"href":"https:\/\/agromt.news\/index.php?rest_route=\/wp\/v2\/users\/1"}],"replies":[{"embeddable":true,"href":"https:\/\/agromt.news\/index.php?rest_route=%2Fwp%2Fv2%2Fcomments&post=7892"}],"version-history":[{"count":0,"href":"https:\/\/agromt.news\/index.php?rest_route=\/wp\/v2\/posts\/7892\/revisions"}],"wp:featuredmedia":[{"embeddable":true,"href":"https:\/\/agromt.news\/index.php?rest_route=\/wp\/v2\/media\/7893"}],"wp:attachment":[{"href":"https:\/\/agromt.news\/index.php?rest_route=%2Fwp%2Fv2%2Fmedia&parent=7892"}],"wp:term":[{"taxonomy":"category","embeddable":true,"href":"https:\/\/agromt.news\/index.php?rest_route=%2Fwp%2Fv2%2Fcategories&post=7892"},{"taxonomy":"post_tag","embeddable":true,"href":"https:\/\/agromt.news\/index.php?rest_route=%2Fwp%2Fv2%2Ftags&post=7892"}],"curies":[{"name":"wp","href":"https:\/\/api.w.org\/{rel}","templated":true}]}}