{"id":7891,"date":"2025-01-13T12:11:04","date_gmt":"2025-01-13T16:11:04","guid":{"rendered":"https:\/\/agromt.news\/?p=7891"},"modified":"2025-01-13T12:11:04","modified_gmt":"2025-01-13T16:11:04","slug":"colheita-de-feijao-no-parana-passa-os-70","status":"publish","type":"post","link":"https:\/\/agromt.news\/?p=7891","title":{"rendered":"Colheita de feij\u00e3o no Paran\u00e1 passa os 70%"},"content":{"rendered":"<p> <br \/>\n<\/p>\n<div>\n<p>A colheita de <a href=\"https:\/\/www.agrolink.com.br\/culturas\/feijao\/?utm_source=agrolink-detalhe-noticia&amp;utm_medium=detalhe-noticia&amp;utm_campaign=links-internos\" target=\"_blank\" rel=\"noopener\">feij\u00e3o<\/a> no Paran\u00e1 j\u00e1 ultrapassou 70%, entrando na reta final do ciclo produtivo, conforme informa\u00e7\u00f5es do Instituto Brasileiro de <a href=\"https:\/\/www.agrolink.com.br\/culturas\/feijao\/?utm_source=agrolink-detalhe-noticia&amp;utm_medium=detalhe-noticia&amp;utm_campaign=links-internos\" target=\"_blank\" rel=\"noopener\">feij\u00e3o<\/a> e Pulses (Ibrafe). Produtores que colhem gr\u00e3os de alta qualidade continuam recebendo bons pre\u00e7os. O <a href=\"https:\/\/www.agrolink.com.br\/culturas\/feijao\/?utm_source=agrolink-detalhe-noticia&amp;utm_medium=detalhe-noticia&amp;utm_campaign=links-internos\" target=\"_blank\" rel=\"noopener\">feij\u00e3o<\/a>-carioca com escurecimento lento, por exemplo, atingiu a marca de R$ 220 nesta semana. A demanda tem sido forte, e tudo que \u00e9 colhido \u00e9 rapidamente vendido.\u00a0&#13;\n<\/p>\n<p>No entanto, a cultivar Sabi\u00e1, predominante nesta safra, est\u00e1 sofrendo desvaloriza\u00e7\u00e3o devido \u00e0 sua apar\u00eancia, resultando em vendas mais lentas. Isso faz com que o Feij\u00e3o-carioca comercial, com algum \u00edndice de defeitos e colora\u00e7\u00e3o abaixo de 8, acabe ficando parcialmente estocado, sem conseguir atingir a mesma agilidade de vendas que outros lotes.\u00a0<\/p>\n<p>No estado de Minas Gerais, a expectativa \u00e9 de uma colheita r\u00e1pida, com grande parte da produ\u00e7\u00e3o sendo finalizada at\u00e9 o final de fevereiro. Isso indica que o estado est\u00e1 com um ritmo acelerado, possibilitando o fechamento da safra dentro de um cronograma eficiente.\u00a0&#13;\n<\/p>\n<p>No que se refere ao feij\u00e3o-preto, a maior parte da produ\u00e7\u00e3o colhida est\u00e1 sendo armazenada, o que pode sinalizar uma poss\u00edvel recupera\u00e7\u00e3o no mercado, com a oferta controlada. Al\u00e9m disso, a segunda safra de feij\u00e3o no Paran\u00e1, atualmente em fase de plantio, dever\u00e1 atingir 380 mil hectares, o que representa uma redu\u00e7\u00e3o de 11% em rela\u00e7\u00e3o \u00e0 \u00e1rea cultivada no ano anterior, conforme estimativas da Secretaria de Agricultura do Paran\u00e1. A redu\u00e7\u00e3o da \u00e1rea plantada poder\u00e1 impactar as expectativas de oferta para a pr\u00f3xima temporada.<\/p>\n<p>\u201cO Feij\u00e3o-preto colhido est\u00e1 sendo majoritariamente armazenado, sugerindo uma poss\u00edvel recupera\u00e7\u00e3o do mercado. A segunda safra, atualmente em fase de plantio, deve alcan\u00e7ar 380 mil hectares, conforme estimativas da Secretaria de Agricultura do Paran\u00e1. Essa \u00e1rea representa uma redu\u00e7\u00e3o de 11% em rela\u00e7\u00e3o \u00e0 segunda safra do ano anterior\u201d, conclui.<br \/>&#13;<br \/>\n\u00a0&#13;\n<\/p>\n<\/p><\/div>\n<p><script data-cfasync=\"false\">\n    !function (f, b, e, v, n, t, s) {\n        if (f.fbq) return; n = f.fbq = function () {\n            n.callMethod ?\n                n.callMethod.apply(n, arguments) : n.queue.push(arguments)\n        };\n        if (!f._fbq) f._fbq = n; n.push = n; n.loaded = !0; n.version = '2.0';\n        n.queue = []; t = b.createElement(e); t.async = !0;\n        t.src = v; s = b.getElementsByTagName(e)[0];\n        s.parentNode.insertBefore(t, s)\n    }(window, document, 'script',\n        'https:\/\/connect.facebook.net\/en_US\/fbevents.js');\n    fbq('init', '522546078623747');\n    fbq('track', 'PageView');\n<\/script><br \/>\n<br \/><br \/>\n<br \/><a href=\"https:\/\/www.agrolink.com.br\/noticias\/colheita-de-feijao-no-parana-passa-os-70-_498336.html\">Source link <\/a><\/p>\n","protected":false},"excerpt":{"rendered":"<p>A colheita de feij\u00e3o no Paran\u00e1 j\u00e1 ultrapassou 70%, entrando na reta final do ciclo produtivo, conforme informa\u00e7\u00f5es do Instituto<\/p>\n","protected":false},"author":1,"featured_media":2027,"comment_status":"open","ping_status":"open","sticky":false,"template":"","format":"standard","meta":{"_monsterinsights_skip_tracking":false,"_monsterinsights_sitenote_active":false,"_monsterinsights_sitenote_note":"","_monsterinsights_sitenote_category":0,"_uf_show_specific_survey":0,"_uf_disable_surveys":false,"footnotes":""},"categories":[8,1,14],"tags":[],"class_list":["post-7891","post","type-post","status-publish","format-standard","has-post-thumbnail","hentry","category-agro","category-news","category-politica-agro"],"_links":{"self":[{"href":"https:\/\/agromt.news\/index.php?rest_route=\/wp\/v2\/posts\/7891"}],"collection":[{"href":"https:\/\/agromt.news\/index.php?rest_route=\/wp\/v2\/posts"}],"about":[{"href":"https:\/\/agromt.news\/index.php?rest_route=\/wp\/v2\/types\/post"}],"author":[{"embeddable":true,"href":"https:\/\/agromt.news\/index.php?rest_route=\/wp\/v2\/users\/1"}],"replies":[{"embeddable":true,"href":"https:\/\/agromt.news\/index.php?rest_route=%2Fwp%2Fv2%2Fcomments&post=7891"}],"version-history":[{"count":0,"href":"https:\/\/agromt.news\/index.php?rest_route=\/wp\/v2\/posts\/7891\/revisions"}],"wp:featuredmedia":[{"embeddable":true,"href":"https:\/\/agromt.news\/index.php?rest_route=\/wp\/v2\/media\/2027"}],"wp:attachment":[{"href":"https:\/\/agromt.news\/index.php?rest_route=%2Fwp%2Fv2%2Fmedia&parent=7891"}],"wp:term":[{"taxonomy":"category","embeddable":true,"href":"https:\/\/agromt.news\/index.php?rest_route=%2Fwp%2Fv2%2Fcategories&post=7891"},{"taxonomy":"post_tag","embeddable":true,"href":"https:\/\/agromt.news\/index.php?rest_route=%2Fwp%2Fv2%2Ftags&post=7891"}],"curies":[{"name":"wp","href":"https:\/\/api.w.org\/{rel}","templated":true}]}}