{"id":7880,"date":"2025-01-13T09:14:13","date_gmt":"2025-01-13T13:14:13","guid":{"rendered":"https:\/\/agromt.news\/?p=7880"},"modified":"2025-01-13T09:14:13","modified_gmt":"2025-01-13T13:14:13","slug":"justica-decreta-prisao-de-mais-um-suspeito-por-ataque-em-assentamento-do-mst","status":"publish","type":"post","link":"https:\/\/agromt.news\/?p=7880","title":{"rendered":"Justi\u00e7a decreta pris\u00e3o de mais um suspeito por ataque em assentamento do MST"},"content":{"rendered":"<p> <br \/>\n<br \/><img decoding=\"async\" src=\"https:\/\/agromt.news\/wp-content\/uploads\/2025\/01\/Justica-decreta-prisao-de-mais-um-suspeito-por-ataque-em.jpg\" \/><\/p>\n<div>\n<p>A Justi\u00e7a de S\u00e3o Paulo acatou o pedido da Pol\u00edcia Civil e decretou a pris\u00e3o tempor\u00e1ria de mais um suspeito envolvido n<strong><a href=\"https:\/\/www.canalrural.com.br\/seguranca\/policia-identifica-envolvidos-na-morte-de-dois-membros-do-mst-no-interior-de-sp\/\">o ataque ao assentamento Olga Ben\u00e1rio, do Movimento dos Trabalhadores Rurais Sem Terra (MST), em Trememb\u00e9 (SP)<\/a><\/strong>. O crime, ocorrido na noite de sexta-feira (10), deixou dois homens mortos e outras seis pessoas feridas.<\/p>\n<p>Ant\u00f4nio Martins, conhecido como \u201cNero do Piseiro\u201d, foi detido no s\u00e1bado (11) e teve a pris\u00e3o tempor\u00e1ria decretada por 30 dias. Apontado como mentor intelectual do ataque, Nero j\u00e1 possu\u00eda antecedentes criminais por porte ilegal de arma de fogo. Segundo a investiga\u00e7\u00e3o, a motiva\u00e7\u00e3o para o crime teria sido um desentendimento relacionado \u00e0 negocia\u00e7\u00e3o de um terreno dentro da \u00e1rea do assentamento.<\/p>\n<p>Testemunhas identificaram Nero entre os respons\u00e1veis pelo ataque. Elas relataram que os criminosos chegaram ao local em carros e motos, e come\u00e7aram a atirar momentos depois.<\/p>\n<h2 class=\"wp-block-heading\" id=\"h-mais-uma-prisao-e-andamento-das-investigacoes\">Mais uma pris\u00e3o e andamento das investiga\u00e7\u00f5es<\/h2>\n<p>Um terceiro homem foi preso pela Pol\u00edcia Militar logo ap\u00f3s o crime, por porte ilegal de arma de fogo. Contudo, de acordo com a Pol\u00edcia Civil, n\u00e3o h\u00e1 liga\u00e7\u00e3o direta dele com o ataque, j\u00e1 que h\u00e1 ind\u00edcios de que ele estaria no local para prestar socorro \u00e0s v\u00edtimas.<\/p>\n<\/div>\n<div>\n<p>A investiga\u00e7\u00e3o segue sob a responsabilidade da Delegacia Especializada de Investiga\u00e7\u00f5es Criminais (Deic) de Taubat\u00e9. <\/p>\n<h2 class=\"wp-block-heading\" id=\"h-protecao\">Prote\u00e7\u00e3o<\/h2>\n<p>A ministra dos Direitos Humanos e da Cidadania (MDHC), Maca\u00e9 Evaristo, informou que a partir desta segunda-feira (13), a equipe do Programa de Prote\u00e7\u00e3o aos Defensores de Direitos Humanos, Comunicadores e Ambientalistas (PPDDH), vinculado \u00e0 pasta, prestar\u00e1 atendimento individualizado no assentamento para dar apoio \u00e0s fam\u00edlias.<\/p>\n<p>Desde a ocorr\u00eancia, a Deic trabalha para identificar e prender todos os envolvidos, al\u00e9m de esclarecer completamente as circunst\u00e2ncias do ataque. O caso foi registrado como homic\u00eddio, tentativa de homic\u00eddio e porte ilegal de arma de fogo de uso permitido, no plant\u00e3o da Delegacia Seccional de Taubat\u00e9.<\/p>\n<\/p><\/div>\n<p><br \/>\n<br \/><a href=\"https:\/\/www.canalrural.com.br\/seguranca\/justica-decreta-prisao-de-mais-um-suspeito-por-ataque-em-assentamento-do-mst\/\">Source link <\/a><\/p>\n","protected":false},"excerpt":{"rendered":"<p>A Justi\u00e7a de S\u00e3o Paulo acatou o pedido da Pol\u00edcia Civil e decretou a pris\u00e3o tempor\u00e1ria de mais um suspeito<\/p>\n","protected":false},"author":1,"featured_media":7881,"comment_status":"open","ping_status":"open","sticky":false,"template":"","format":"standard","meta":{"_monsterinsights_skip_tracking":false,"_monsterinsights_sitenote_active":false,"_monsterinsights_sitenote_note":"","_monsterinsights_sitenote_category":0,"_uf_show_specific_survey":0,"_uf_disable_surveys":false,"footnotes":""},"categories":[1],"tags":[],"class_list":["post-7880","post","type-post","status-publish","format-standard","has-post-thumbnail","hentry","category-news"],"_links":{"self":[{"href":"https:\/\/agromt.news\/index.php?rest_route=\/wp\/v2\/posts\/7880"}],"collection":[{"href":"https:\/\/agromt.news\/index.php?rest_route=\/wp\/v2\/posts"}],"about":[{"href":"https:\/\/agromt.news\/index.php?rest_route=\/wp\/v2\/types\/post"}],"author":[{"embeddable":true,"href":"https:\/\/agromt.news\/index.php?rest_route=\/wp\/v2\/users\/1"}],"replies":[{"embeddable":true,"href":"https:\/\/agromt.news\/index.php?rest_route=%2Fwp%2Fv2%2Fcomments&post=7880"}],"version-history":[{"count":0,"href":"https:\/\/agromt.news\/index.php?rest_route=\/wp\/v2\/posts\/7880\/revisions"}],"wp:featuredmedia":[{"embeddable":true,"href":"https:\/\/agromt.news\/index.php?rest_route=\/wp\/v2\/media\/7881"}],"wp:attachment":[{"href":"https:\/\/agromt.news\/index.php?rest_route=%2Fwp%2Fv2%2Fmedia&parent=7880"}],"wp:term":[{"taxonomy":"category","embeddable":true,"href":"https:\/\/agromt.news\/index.php?rest_route=%2Fwp%2Fv2%2Fcategories&post=7880"},{"taxonomy":"post_tag","embeddable":true,"href":"https:\/\/agromt.news\/index.php?rest_route=%2Fwp%2Fv2%2Ftags&post=7880"}],"curies":[{"name":"wp","href":"https:\/\/api.w.org\/{rel}","templated":true}]}}