{"id":788,"date":"2024-08-26T15:03:07","date_gmt":"2024-08-26T19:03:07","guid":{"rendered":"https:\/\/agromt.news\/?p=788"},"modified":"2024-08-26T15:03:07","modified_gmt":"2024-08-26T19:03:07","slug":"geadas-e-altas-temperaturas-elevam-precos-na-horticultura-no-parana","status":"publish","type":"post","link":"https:\/\/agromt.news\/?p=788","title":{"rendered":"Geadas e altas temperaturas elevam pre\u00e7os na horticultura no Paran\u00e1"},"content":{"rendered":"<p> <br \/>\n<\/p>\n<div>\n<div class=\"row\">\n<div class=\"col-lg col-infos mt-3 mt-lg-0\">\n<div class=\"section-sub-title\">\n<p itemprop=\"description\">\nClima impacta produ\u00e7\u00e3o no Paran\u00e1\n<\/p>\n<\/div>\n<div class=\"container\">\n<div class=\"row\">\n<div class=\"col-lg p-0\">\n<div>\n<div class=\"block-news-main-infos mt-3 text-start\">\n<strong class=\"fn\" itemprop=\"author\" style=\"color: rgb(112, 112, 112); \"><br \/>\n<a href=\"https:\/\/www.agrolink.com.br\/noticias\/javascript:;\" class=\"text-uppercase\" target=\"_blank\" style=\"color: rgb(112, 112, 112); \" rel=\"noopener\">Agrolink<\/a><br \/>\n&#8211; Seane Lennon<br \/>\n<\/strong><br \/>\n<br \/>\n<abbr><time datetime=\"2024-08-23T20:04\" itemprop=\"datePublished dateModified\">Publicado em 23\/08\/2024 \u00e0s 20:04h.<\/time><\/abbr>\n<\/div>\n<\/div>\n<\/div>\n<div class=\"col-lg p-0 text-lg-end\">\n<div>\n<div id=\"mdEnviarPagina\" class=\"modal fade\" role=\"dialog\">\n<div class=\"modal-dialog\">\n<div class=\"modal-content\">\n<div class=\"modal-body\">\n<p><strong>Estimado usu\u00e1rio.<\/strong><br \/>Preencha o formul\u00e1rio abaixo para remeter a p\u00e1gina.<\/p>\n<\/div>\n<\/div>\n<\/div>\n<\/div>\n<\/div>\n<\/div>\n<\/div>\n<\/div>\n<\/div>\n<\/div>\n<div class=\"row justify-content-md-center mt-3\">\n<div class=\"col-lg-auto col-image  block-news-main-image d-none d-md-block\">\n<img decoding=\"async\" src=\"https:\/\/www.agrolink.com.br\/upload\/imagens-resizes\/ab82a5b0287b40b2b688818412c2df55_858x483.jpg\" class=\"lazyload\"\/><br \/>\n<span class=\"publicity-photo d-block mt-1\">Foto: Divulga\u00e7\u00e3o<\/span>\n<\/div>\n<\/div>\n<div class=\"section-description section-description-noticias mt-3\">\n<p style=\"text-align:justify\">De acordo com o Boletim de Conjuntura Agropecu\u00e1ria da semana de 16 a 22 de agosto, elaborado pelo Departamento de Economia Rural (Deral) da Secretaria de Estado da Agricultura e do Abastecimento (Seab), os institutos de pesquisa meteorol\u00f3gica preveem a ocorr\u00eancia de geadas no Paran\u00e1 para o in\u00edcio da pr\u00f3xima semana devido \u00e0 chegada de uma frente fria. Embora a presen\u00e7a de geadas durante o inverno no Hemisf\u00e9rio Sul n\u00e3o seja surpreendente, as condi\u00e7\u00f5es atuais est\u00e3o exacerbando a situa\u00e7\u00e3o.\n<\/p>\n<p style=\"text-align:justify\">O boletim destaca que, paralelamente, as temperaturas permanecem at\u00e9 5\u00baC acima da m\u00e9dia para o per\u00edodo, e a umidade do ar est\u00e1 em n\u00edveis extremamente baixos. Esses fatores est\u00e3o gerando uma s\u00e9rie de desafios tanto no campo quanto nas \u00e1reas urbanas.<\/p>\n<p style=\"text-align:justify\">No setor da horticultura, que abrange o cultivo de frutas, hortali\u00e7as e flores, tanto em ambientes abertos quanto em estufas, a intensidade das geadas pode causar danos significativos \u00e0s plantas. Esses danos podem impactar a fisiologia das plantas e, por consequ\u00eancia, afetar a oferta desses produtos ao consumidor final, levando a aumentos quase imediatos nos pre\u00e7os.<\/p>\n<p style=\"text-align:justify\">Alguns segmentos da cadeia produtiva est\u00e3o especulando sobre poss\u00edveis perdas e seus efeitos nos mercados, mesmo sem uma avalia\u00e7\u00e3o precisa da extens\u00e3o dos danos. Isso tem gerado preocupa\u00e7\u00f5es sobre a poss\u00edvel explora\u00e7\u00e3o financeira da produ\u00e7\u00e3o rural.<\/p>\n<p style=\"text-align:justify\">A natureza da atividade agr\u00edcola imp\u00f5e ao produtor um risco constante, tornando-o o elo mais vulner\u00e1vel do sistema produtivo. O agricultor est\u00e1 sujeito a perder rapidamente suas lavouras e o trabalho de meses ou anos devido \u00e0s intemp\u00e9ries, o que ressalta a complexidade e a fragilidade da produ\u00e7\u00e3o rural.\n<\/p>\n<p style=\"text-align:justify\">Para melhorar a compreens\u00e3o da popula\u00e7\u00e3o urbana sobre as particularidades da produ\u00e7\u00e3o agr\u00edcola, \u00e9 recomend\u00e1vel promover rela\u00e7\u00f5es diretas entre consumidores e produtores. Feiras de produtores e circuitos de Turismo Rural podem proporcionar uma vis\u00e3o mais clara e realista das dificuldades enfrentadas pelos agricultores e fortalecer a conex\u00e3o entre a cidade e o campo.<\/p>\n<p style=\"text-align:justify\">\u00a0<\/p>\n<\/div>\n<\/div>\n<p><script data-cfasync=\"false\">\n    !function (f, b, e, v, n, t, s) {\n        if (f.fbq) return; n = f.fbq = function () {\n            n.callMethod ?\n                n.callMethod.apply(n, arguments) : n.queue.push(arguments)\n        };\n        if (!f._fbq) f._fbq = n; n.push = n; n.loaded = !0; n.version = '2.0';\n        n.queue = []; t = b.createElement(e); t.async = !0;\n        t.src = v; s = b.getElementsByTagName(e)[0];\n        s.parentNode.insertBefore(t, s)\n    }(window, document, 'script',\n        'https:\/\/connect.facebook.net\/en_US\/fbevents.js');\n    fbq('init', '522546078623747');\n    fbq('track', 'PageView');\n<\/script><br \/>\n<br \/><br \/>\n<br \/><a href=\"https:\/\/www.agrolink.com.br\/noticias\/geadas-e-altas-temperaturas-elevam-precos-na-horticultura-no-parana_494304.html\">Source link <\/a><\/p>\n","protected":false},"excerpt":{"rendered":"<p>Clima impacta produ\u00e7\u00e3o no Paran\u00e1 Agrolink &#8211; Seane Lennon Publicado em 23\/08\/2024 \u00e0s 20:04h. Estimado usu\u00e1rio.Preencha o formul\u00e1rio abaixo para<\/p>\n","protected":false},"author":1,"featured_media":789,"comment_status":"open","ping_status":"open","sticky":false,"template":"","format":"standard","meta":{"_monsterinsights_skip_tracking":false,"_monsterinsights_sitenote_active":false,"_monsterinsights_sitenote_note":"","_monsterinsights_sitenote_category":0,"_uf_show_specific_survey":0,"_uf_disable_surveys":false,"footnotes":""},"categories":[1],"tags":[],"class_list":["post-788","post","type-post","status-publish","format-standard","has-post-thumbnail","hentry","category-news"],"_links":{"self":[{"href":"https:\/\/agromt.news\/index.php?rest_route=\/wp\/v2\/posts\/788"}],"collection":[{"href":"https:\/\/agromt.news\/index.php?rest_route=\/wp\/v2\/posts"}],"about":[{"href":"https:\/\/agromt.news\/index.php?rest_route=\/wp\/v2\/types\/post"}],"author":[{"embeddable":true,"href":"https:\/\/agromt.news\/index.php?rest_route=\/wp\/v2\/users\/1"}],"replies":[{"embeddable":true,"href":"https:\/\/agromt.news\/index.php?rest_route=%2Fwp%2Fv2%2Fcomments&post=788"}],"version-history":[{"count":0,"href":"https:\/\/agromt.news\/index.php?rest_route=\/wp\/v2\/posts\/788\/revisions"}],"wp:featuredmedia":[{"embeddable":true,"href":"https:\/\/agromt.news\/index.php?rest_route=\/wp\/v2\/media\/789"}],"wp:attachment":[{"href":"https:\/\/agromt.news\/index.php?rest_route=%2Fwp%2Fv2%2Fmedia&parent=788"}],"wp:term":[{"taxonomy":"category","embeddable":true,"href":"https:\/\/agromt.news\/index.php?rest_route=%2Fwp%2Fv2%2Fcategories&post=788"},{"taxonomy":"post_tag","embeddable":true,"href":"https:\/\/agromt.news\/index.php?rest_route=%2Fwp%2Fv2%2Ftags&post=788"}],"curies":[{"name":"wp","href":"https:\/\/api.w.org\/{rel}","templated":true}]}}