{"id":7862,"date":"2025-01-12T14:52:17","date_gmt":"2025-01-12T18:52:17","guid":{"rendered":"https:\/\/agromt.news\/?p=7862"},"modified":"2025-01-12T14:52:17","modified_gmt":"2025-01-12T18:52:17","slug":"sebrae-lanca-guia-de-tendencias-para-empreendedores","status":"publish","type":"post","link":"https:\/\/agromt.news\/?p=7862","title":{"rendered":"Sebrae lan\u00e7a Guia de Tend\u00eancias para empreendedores"},"content":{"rendered":"<p> <br \/>\n<br \/><img decoding=\"async\" src=\"https:\/\/agromt.news\/wp-content\/uploads\/2025\/01\/Sebrae-lanca-Guia-de-Tendencias-para-empreendedores.jpg\" \/><\/p>\n<div>\n<p>Solu\u00e7\u00f5es mais humanizadas para atendimentos aos consumidores. Seja para <a href=\"https:\/\/www.canalrural.com.br\/empreendedorismo\/\">empreendedores rurais<\/a> ou urbanos, manter uma empresa em funcionamento e reter clientes n\u00e3o \u00e9 tarefa f\u00e1cil.\u00a0<\/p>\n<p>Com o intuito de direcionar e fortalecer micro e pequenos neg\u00f3cios, o Sebrae lan\u00e7ou o <a href=\"https:\/\/sites.rj.sebrae.com.br\/inscricao\/guia-de-tendencias-2025\">Guia de Tend\u00eancias 2025<\/a>.\u00a0<\/p>\n<p>O material gratuito aborda temas como comportamento do consumidor, marketing, neg\u00f3cios promissores e tecnologia, destacando oportunidades para este e o pr\u00f3ximo ano.<\/p>\n<p>Na \u00e1rea de marketing, os destaques ficam para a\u00a0 intelig\u00eancia artificial, automa\u00e7\u00e3o, conte\u00fados din\u00e2micos e estrat\u00e9gias omnichannel, que integram canais online e offline como lojas f\u00edsicas, e-commerce, redes sociais e atendimento ao cliente.<\/p>\n<p>De acordo com o documento, \u201cpara 2025 e 2026, o mercado atender\u00e1 novas demandas de consumo relacionadas ao estilo de vida e valores dos consumidores. A rela\u00e7\u00e3o transparente com o p\u00fablico ser\u00e1 essencial para as empresas\u201d.<\/p>\n<p>No quesito <a href=\"https:\/\/mt.agenciasebrae.com.br\/cultura-empreendedora\/sebrae-lanca-guia-gratuito-de-tendencias-de-mercado-para-2025-com-foco-em-fortalecer-o-empreendedor\/\">comportamento do consumidor<\/a>, o guia apresenta uma sociedade mais conectada, consciente e exigente, com maior foco em desafios sociais e ambientais.<\/p>\n<\/div>\n<div>\n<h2 class=\"wp-block-heading\" id=\"h-foco-nas-geracoes\"><strong>Foco nas gera\u00e7\u00f5es<\/strong><\/h2>\n<p>O levantamento tamb\u00e9m analisa o comportamento das gera\u00e7\u00f5es no mercado:<\/p>\n<ul class=\"wp-block-list\">\n<li><strong>Gera\u00e7\u00e3o Alpha (2013-2025)<\/strong>: Fortemente conectada a dispositivos digitais, prefere intera\u00e7\u00f5es personalizadas e educacionais.<\/li>\n<\/ul>\n<ul class=\"wp-block-list\">\n<li><strong>Gera\u00e7\u00e3o Beta (2025-2040)<\/strong>: Imersa em realidades aumentadas, busca aprendizado cont\u00ednuo e sustentabilidade como prioridade.<\/li>\n<\/ul>\n<p>No campo for\u00e7as de mercado, os destaques incluem sustentabilidade e tecnologia verde, mobilidade el\u00e9trica, conectividade 5G, al\u00e9m de educa\u00e7\u00e3o e requalifica\u00e7\u00e3o tecnol\u00f3gica.<\/p>\n<p>As empresas que trabalham com dados t\u00eam ganhado relev\u00e2ncia, posicionando-se como estrat\u00e9gicas ao oferecer solu\u00e7\u00f5es que atendem \u00e0s demandas espec\u00edficas dos consumidores.<\/p>\n<p>O guia ainda refor\u00e7a que o avan\u00e7o tecnol\u00f3gico deve ser acompanhado de uma rela\u00e7\u00e3o de confian\u00e7a e transpar\u00eancia entre marcas e consumidores.\u00a0<\/p>\n<p>Com informa\u00e7\u00f5es da <a href=\"https:\/\/mt.agenciasebrae.com.br\/cultura-empreendedora\/sebrae-lanca-guia-gratuito-de-tendencias-de-mercado-para-2025-com-foco-em-fortalecer-o-empreendedor\/\">Ag\u00eancia Sebrae de Not\u00edcias<\/a><\/p>\n<\/p><\/div>\n<p><br \/>\n<br \/><a href=\"https:\/\/www.canalrural.com.br\/empreendedorismo\/sebrae-lanca-guia-de-tendencias-para-empreendedores\/\">Source link <\/a><\/p>\n","protected":false},"excerpt":{"rendered":"<p>Solu\u00e7\u00f5es mais humanizadas para atendimentos aos consumidores. Seja para empreendedores rurais ou urbanos, manter uma empresa em funcionamento e reter<\/p>\n","protected":false},"author":1,"featured_media":7863,"comment_status":"open","ping_status":"open","sticky":false,"template":"","format":"standard","meta":{"_monsterinsights_skip_tracking":false,"_monsterinsights_sitenote_active":false,"_monsterinsights_sitenote_note":"","_monsterinsights_sitenote_category":0,"_uf_show_specific_survey":0,"_uf_disable_surveys":false,"footnotes":""},"categories":[1],"tags":[],"class_list":["post-7862","post","type-post","status-publish","format-standard","has-post-thumbnail","hentry","category-news"],"_links":{"self":[{"href":"https:\/\/agromt.news\/index.php?rest_route=\/wp\/v2\/posts\/7862"}],"collection":[{"href":"https:\/\/agromt.news\/index.php?rest_route=\/wp\/v2\/posts"}],"about":[{"href":"https:\/\/agromt.news\/index.php?rest_route=\/wp\/v2\/types\/post"}],"author":[{"embeddable":true,"href":"https:\/\/agromt.news\/index.php?rest_route=\/wp\/v2\/users\/1"}],"replies":[{"embeddable":true,"href":"https:\/\/agromt.news\/index.php?rest_route=%2Fwp%2Fv2%2Fcomments&post=7862"}],"version-history":[{"count":0,"href":"https:\/\/agromt.news\/index.php?rest_route=\/wp\/v2\/posts\/7862\/revisions"}],"wp:featuredmedia":[{"embeddable":true,"href":"https:\/\/agromt.news\/index.php?rest_route=\/wp\/v2\/media\/7863"}],"wp:attachment":[{"href":"https:\/\/agromt.news\/index.php?rest_route=%2Fwp%2Fv2%2Fmedia&parent=7862"}],"wp:term":[{"taxonomy":"category","embeddable":true,"href":"https:\/\/agromt.news\/index.php?rest_route=%2Fwp%2Fv2%2Fcategories&post=7862"},{"taxonomy":"post_tag","embeddable":true,"href":"https:\/\/agromt.news\/index.php?rest_route=%2Fwp%2Fv2%2Ftags&post=7862"}],"curies":[{"name":"wp","href":"https:\/\/api.w.org\/{rel}","templated":true}]}}