{"id":7858,"date":"2025-01-12T12:48:55","date_gmt":"2025-01-12T16:48:55","guid":{"rendered":"https:\/\/agromt.news\/?p=7858"},"modified":"2025-01-12T12:48:55","modified_gmt":"2025-01-12T16:48:55","slug":"policia-identifica-envolvidos-na-morte-de-dois-membros-do-mst-no-interior-de-sp","status":"publish","type":"post","link":"https:\/\/agromt.news\/?p=7858","title":{"rendered":"Pol\u00edcia identifica envolvidos na morte de dois membros do MST no interior de SP"},"content":{"rendered":"<p> <br \/>\n<br \/><img decoding=\"async\" src=\"https:\/\/agromt.news\/wp-content\/uploads\/2025\/01\/Policia-identifica-envolvidos-na-morte-de-dois-membros-do-MST.jpeg\" \/><\/p>\n<div>\n<p>A Delegacia Especializada de Investiga\u00e7\u00f5es Criminais (Deic) de Taubat\u00e9 identificou o segundo suspeito de envolvimento no ataque ao assentamento do <strong><a href=\"https:\/\/www.canalrural.com.br\/tag\/mst\/\">Movimento dos Trabalhadores Rurais Sem Terra (MST)<\/a><\/strong> ocorrido na noite da \u00faltima sexta-feira (10) em Trememb\u00e9, no Vale do Para\u00edba, interior de S\u00e3o Paulo. A a\u00e7\u00e3o resultou na morte de Valdir Nascimento, de 42 anos, e Gleison Barbosa, de 28 anos, al\u00e9m de deixar outros seis feridos.<\/p>\n<p>A pol\u00edcia j\u00e1 solicitou a pris\u00e3o do segundo suspeito ao Poder Judici\u00e1rio e trabalha para localizar o envolvido.<\/p>\n<h2 class=\"wp-block-heading\" id=\"h-prisao-do-primeiro-suspeito\">Pris\u00e3o do primeiro suspeito<\/h2>\n<p>No s\u00e1bado (11), um homem identificado como Ant\u00f4nio Martins dos Santos Filho, conhecido como \u201cNero do Piseiro,\u201d foi preso, suspeito de participa\u00e7\u00e3o no ataque. De acordo com o delegado Marcos Ricardo Parra, chefe da seccional de Taubat\u00e9, o detido admitiu envolvimento no crime.<\/p>\n<\/div>\n<div>\n<p>Durante a pris\u00e3o, os policiais apreenderam uma motocicleta que teria sido utilizada no ataque. O caso foi registrado como homic\u00eddio, tentativa de homic\u00eddio e porte ilegal de arma de fogo de uso permitido na Delegacia Seccional de Taubat\u00e9.<\/p>\n<h2 class=\"wp-block-heading\" id=\"h-desdobramentos-do-caso\">Desdobramentos do caso<\/h2>\n<p>O vel\u00f3rio de Valdir Nascimento e Gleison Barbosa ocorreu hoje (12), reunindo familiares, amigos e lideran\u00e7as do MST. A cerim\u00f4nia tamb\u00e9m contou com a presen\u00e7a do <strong><a href=\"https:\/\/www.canalrural.com.br\/tag\/minist%C3%A9riodesenvolvimentoagr%C3%A1rio\/\">ministro do Desenvolvimento Agr\u00e1rio, Paulo Teixeira<\/a><\/strong>, que manifestou solidariedade \u00e0s v\u00edtimas e cobrou celeridade na investiga\u00e7\u00e3o.<\/p>\n<p>As investiga\u00e7\u00f5es continuam sob a condu\u00e7\u00e3o da Deic de Taubat\u00e9 e da Delegacia do Munic\u00edpio de Trememb\u00e9, que buscam esclarecer as motiva\u00e7\u00f5es do crime e identificar todos os envolvidos.<\/p>\n<\/p><\/div>\n<p><br \/>\n<br \/><a href=\"https:\/\/www.canalrural.com.br\/seguranca\/policia-identifica-envolvidos-na-morte-de-dois-membros-do-mst-no-interior-de-sp\/\">Source link <\/a><\/p>\n","protected":false},"excerpt":{"rendered":"<p>A Delegacia Especializada de Investiga\u00e7\u00f5es Criminais (Deic) de Taubat\u00e9 identificou o segundo suspeito de envolvimento no ataque ao assentamento do<\/p>\n","protected":false},"author":1,"featured_media":7859,"comment_status":"open","ping_status":"open","sticky":false,"template":"","format":"standard","meta":{"_monsterinsights_skip_tracking":false,"_monsterinsights_sitenote_active":false,"_monsterinsights_sitenote_note":"","_monsterinsights_sitenote_category":0,"_uf_show_specific_survey":0,"_uf_disable_surveys":false,"footnotes":""},"categories":[1],"tags":[],"class_list":["post-7858","post","type-post","status-publish","format-standard","has-post-thumbnail","hentry","category-news"],"_links":{"self":[{"href":"https:\/\/agromt.news\/index.php?rest_route=\/wp\/v2\/posts\/7858"}],"collection":[{"href":"https:\/\/agromt.news\/index.php?rest_route=\/wp\/v2\/posts"}],"about":[{"href":"https:\/\/agromt.news\/index.php?rest_route=\/wp\/v2\/types\/post"}],"author":[{"embeddable":true,"href":"https:\/\/agromt.news\/index.php?rest_route=\/wp\/v2\/users\/1"}],"replies":[{"embeddable":true,"href":"https:\/\/agromt.news\/index.php?rest_route=%2Fwp%2Fv2%2Fcomments&post=7858"}],"version-history":[{"count":0,"href":"https:\/\/agromt.news\/index.php?rest_route=\/wp\/v2\/posts\/7858\/revisions"}],"wp:featuredmedia":[{"embeddable":true,"href":"https:\/\/agromt.news\/index.php?rest_route=\/wp\/v2\/media\/7859"}],"wp:attachment":[{"href":"https:\/\/agromt.news\/index.php?rest_route=%2Fwp%2Fv2%2Fmedia&parent=7858"}],"wp:term":[{"taxonomy":"category","embeddable":true,"href":"https:\/\/agromt.news\/index.php?rest_route=%2Fwp%2Fv2%2Fcategories&post=7858"},{"taxonomy":"post_tag","embeddable":true,"href":"https:\/\/agromt.news\/index.php?rest_route=%2Fwp%2Fv2%2Ftags&post=7858"}],"curies":[{"name":"wp","href":"https:\/\/api.w.org\/{rel}","templated":true}]}}