{"id":7856,"date":"2025-01-12T12:24:59","date_gmt":"2025-01-12T16:24:59","guid":{"rendered":"https:\/\/agromt.news\/?p=7856"},"modified":"2025-01-12T12:24:59","modified_gmt":"2025-01-12T16:24:59","slug":"cavalo-e-resgatado-de-laje-apos-enchente-no-litoral-de-sp-confira-o-video","status":"publish","type":"post","link":"https:\/\/agromt.news\/?p=7856","title":{"rendered":"Cavalo \u00e9 resgatado de laje ap\u00f3s enchente no litoral de SP; confira o v\u00eddeo"},"content":{"rendered":"<p> <br \/>\n<br \/><img decoding=\"async\" src=\"https:\/\/agromt.news\/wp-content\/uploads\/2025\/01\/Cavalo-e-resgatado-de-laje-apos-enchente-no-litoral-de.jpg\" \/><\/p>\n<div>\n<p>As <strong><a href=\"https:\/\/www.canalrural.com.br\/nacional\/chuvas-causam-destruicao-e-deixam-centenas-de-desabrigados-pelo-brasil\/\">fortes chuvas que provocaram enchentes em Peru\u00edbe, no litoral sul de S\u00e3o Paulo<\/a><\/strong>, renderam uma cena inusitada e comovente: um cavalo foi resgatado do telhado de uma casa. O caso lembra um epis\u00f3dio semelhante ocorrido em maio de 2024, em Canoas (RS), que tamb\u00e9m ganhou repercuss\u00e3o nacional.<\/p>\n<p>A <strong><a href=\"https:\/\/www.canalrural.com.br\/tag\/defesacivilsp\/\">Defesa Civil do Estado de S\u00e3o Paulo<\/a><\/strong> informou que a dona do animal, temendo pelas \u00e1guas que inundaram sua resid\u00eancia e o terreno, decidiu levar o cavalo para a laje da casa usando uma escada de cimento. Por\u00e9m, o animal n\u00e3o conseguiu descer sozinho, e equipes de resgate foram acionadas para solucionar a situa\u00e7\u00e3o.<\/p>\n<p>A opera\u00e7\u00e3o contou com o apoio de agentes da Defesa Civil, volunt\u00e1rios, Corpo de Bombeiros e do Grupo de Resgate de Animais em Desastres (Grad). Para remover o cavalo com seguran\u00e7a, foi utilizada uma viatura de Auto Salvamento Especial do Corpo de Bombeiros, equipada com um guindaste. Veja o v\u00eddeo publicado pela prefeitura da cidade:<\/p>\n<\/div>\n<div>\n<figure class=\"wp-block-embed is-type-rich is-provider-incorporar-manipulador wp-block-embed-incorporar-manipulador wp-embed-aspect-16-9 wp-has-aspect-ratio\">\n<p>\n<iframe title=\"Cavalo \u00e9 resgatado de laje ap\u00f3s enchente no litoral de SP\" width=\"800\" height=\"450\" src=\"https:\/\/www.youtube.com\/embed\/IEF0isRa5mc?feature=oembed\" frameborder=\"0\" allow=\"accelerometer; autoplay; clipboard-write; encrypted-media; gyroscope; picture-in-picture; web-share\" referrerpolicy=\"strict-origin-when-cross-origin\" allowfullscreen><\/iframe><noscript><iframe title=\"Cavalo \u00e9 resgatado de laje ap\u00f3s enchente no litoral de SP\" width=\"800\" height=\"450\" src=\"https:\/\/www.youtube.com\/embed\/IEF0isRa5mc?feature=oembed\" frameborder=\"0\" allow=\"accelerometer; autoplay; clipboard-write; encrypted-media; gyroscope; picture-in-picture; web-share\" referrerpolicy=\"strict-origin-when-cross-origin\" allowfullscreen><\/iframe><\/noscript>\n<\/p>\n<\/figure>\n<p>Ap\u00f3s ser resgatado, o cavalo foi encaminhado para um abrigo municipal, onde recebeu os cuidados necess\u00e1rios, segundo informa\u00e7\u00f5es da Prefeitura de Peru\u00edbe.<\/p>\n<h2 class=\"wp-block-heading\" id=\"h-impactos-das-enchentes\">Impactos das enchentes<\/h2>\n<p>Al\u00e9m do resgate do cavalo, a prefeitura informou que 442 pessoas foram afetadas pelos temporais que atingiram a cidade. Cerca de 60 animais de estima\u00e7\u00e3o est\u00e3o abrigados em locais mantidos pelo munic\u00edpio.<\/p>\n<p>Embora o nome do cavalo resgatado n\u00e3o tenha sido revelado, a hist\u00f3ria simboliza os desafios enfrentados por comunidades durante desastres naturais e o esfor\u00e7o coletivo para garantir a seguran\u00e7a e o bem-estar de todos.\u00a0<\/p>\n<\/p><\/div>\n<p><br \/>\n<br \/><a href=\"https:\/\/www.canalrural.com.br\/nacional\/cavalo-e-resgatado-de-laje-apos-enchente-no-litoral-de-sp-confira-o-video\/\">Source link <\/a><\/p>\n","protected":false},"excerpt":{"rendered":"<p>As fortes chuvas que provocaram enchentes em Peru\u00edbe, no litoral sul de S\u00e3o Paulo, renderam uma cena inusitada e comovente:<\/p>\n","protected":false},"author":1,"featured_media":7857,"comment_status":"open","ping_status":"open","sticky":false,"template":"","format":"standard","meta":{"_monsterinsights_skip_tracking":false,"_monsterinsights_sitenote_active":false,"_monsterinsights_sitenote_note":"","_monsterinsights_sitenote_category":0,"_uf_show_specific_survey":0,"_uf_disable_surveys":false,"footnotes":""},"categories":[1],"tags":[],"class_list":["post-7856","post","type-post","status-publish","format-standard","has-post-thumbnail","hentry","category-news"],"_links":{"self":[{"href":"https:\/\/agromt.news\/index.php?rest_route=\/wp\/v2\/posts\/7856"}],"collection":[{"href":"https:\/\/agromt.news\/index.php?rest_route=\/wp\/v2\/posts"}],"about":[{"href":"https:\/\/agromt.news\/index.php?rest_route=\/wp\/v2\/types\/post"}],"author":[{"embeddable":true,"href":"https:\/\/agromt.news\/index.php?rest_route=\/wp\/v2\/users\/1"}],"replies":[{"embeddable":true,"href":"https:\/\/agromt.news\/index.php?rest_route=%2Fwp%2Fv2%2Fcomments&post=7856"}],"version-history":[{"count":0,"href":"https:\/\/agromt.news\/index.php?rest_route=\/wp\/v2\/posts\/7856\/revisions"}],"wp:featuredmedia":[{"embeddable":true,"href":"https:\/\/agromt.news\/index.php?rest_route=\/wp\/v2\/media\/7857"}],"wp:attachment":[{"href":"https:\/\/agromt.news\/index.php?rest_route=%2Fwp%2Fv2%2Fmedia&parent=7856"}],"wp:term":[{"taxonomy":"category","embeddable":true,"href":"https:\/\/agromt.news\/index.php?rest_route=%2Fwp%2Fv2%2Fcategories&post=7856"},{"taxonomy":"post_tag","embeddable":true,"href":"https:\/\/agromt.news\/index.php?rest_route=%2Fwp%2Fv2%2Ftags&post=7856"}],"curies":[{"name":"wp","href":"https:\/\/api.w.org\/{rel}","templated":true}]}}