{"id":7846,"date":"2025-01-11T16:43:40","date_gmt":"2025-01-11T20:43:40","guid":{"rendered":"https:\/\/agromt.news\/?p=7846"},"modified":"2025-01-11T16:43:40","modified_gmt":"2025-01-11T20:43:40","slug":"pomares-de-laranja-se-desenvolvem-bem","status":"publish","type":"post","link":"https:\/\/agromt.news\/?p=7846","title":{"rendered":"Pomares de laranja se desenvolvem bem"},"content":{"rendered":"<p> <br \/>\n<br \/><img decoding=\"async\" src=\"https:\/\/agromt.news\/wp-content\/uploads\/2025\/01\/Pomares-de-laranja-se-desenvolvem-bem.png\" \/><\/p>\n<div>\n<p>A <a href=\"https:\/\/www.canalrural.com.br\/?s=laranja\">safra <\/a>2025\/2026 de laranja est\u00e1 se desenvolvendo de forma promissora no estado de S\u00e3o Paulo e no Tri\u00e2ngulo Mineiro, de acordo com o Centro de Estudos Avan\u00e7ados em Economia Aplicada (<a href=\"https:\/\/www.cepea.esalq.usp.br\/br\">Cepea<\/a>). Ap\u00f3s um longo per\u00edodo de estiagem e calor na temporada anterior, as chuvas registradas nos \u00faltimos tr\u00eas meses de 2024 trouxeram al\u00edvio aos citricultores e impulsionaram o bom desenvolvimento dos pomares.<\/p>\n<p>Conforme observado por agentes de mercado, as condi\u00e7\u00f5es clim\u00e1ticas mais favor\u00e1veis t\u00eam animado os produtores, apesar das diferen\u00e7as no est\u00e1gio de desenvolvimento das frutas entre as regi\u00f5es e os talh\u00f5es, o que pode impactar a produtividade final.<\/p>\n<\/div>\n<div>\n<p>Apesar do otimismo inicial, a produ\u00e7\u00e3o da safra da laranja ainda \u00e9 incerta. A qualidade da colheita, essencial para a produ\u00e7\u00e3o de suco, depender\u00e1 da continuidade de chuvas regulares e bem distribu\u00eddas durante o primeiro trimestre de 2025. A aus\u00eancia de precipita\u00e7\u00f5es adequadas neste per\u00edodo pode comprometer o potencial produtivo e reduzir as expectativas dos citricultores.<\/p>\n<p>O cen\u00e1rio da laranja, por ora, mant\u00e9m o setor em alerta, enquanto os produtores seguem monitorando o clima e as condi\u00e7\u00f5es dos pomares, apostando em uma recupera\u00e7\u00e3o robusta ap\u00f3s os desafios enfrentados na \u00faltima temporada.<\/p>\n<\/p><\/div>\n<p><br \/>\n<br \/><a href=\"https:\/\/www.canalrural.com.br\/agricultura\/laranja\/pomares-de-laranja-se-desenvolvem-bem\/\">Source link <\/a><\/p>\n","protected":false},"excerpt":{"rendered":"<p>A safra 2025\/2026 de laranja est\u00e1 se desenvolvendo de forma promissora no estado de S\u00e3o Paulo e no Tri\u00e2ngulo Mineiro,<\/p>\n","protected":false},"author":1,"featured_media":7847,"comment_status":"open","ping_status":"open","sticky":false,"template":"","format":"standard","meta":{"_monsterinsights_skip_tracking":false,"_monsterinsights_sitenote_active":false,"_monsterinsights_sitenote_note":"","_monsterinsights_sitenote_category":0,"_uf_show_specific_survey":0,"_uf_disable_surveys":false,"footnotes":""},"categories":[1],"tags":[],"class_list":["post-7846","post","type-post","status-publish","format-standard","has-post-thumbnail","hentry","category-news"],"_links":{"self":[{"href":"https:\/\/agromt.news\/index.php?rest_route=\/wp\/v2\/posts\/7846"}],"collection":[{"href":"https:\/\/agromt.news\/index.php?rest_route=\/wp\/v2\/posts"}],"about":[{"href":"https:\/\/agromt.news\/index.php?rest_route=\/wp\/v2\/types\/post"}],"author":[{"embeddable":true,"href":"https:\/\/agromt.news\/index.php?rest_route=\/wp\/v2\/users\/1"}],"replies":[{"embeddable":true,"href":"https:\/\/agromt.news\/index.php?rest_route=%2Fwp%2Fv2%2Fcomments&post=7846"}],"version-history":[{"count":0,"href":"https:\/\/agromt.news\/index.php?rest_route=\/wp\/v2\/posts\/7846\/revisions"}],"wp:featuredmedia":[{"embeddable":true,"href":"https:\/\/agromt.news\/index.php?rest_route=\/wp\/v2\/media\/7847"}],"wp:attachment":[{"href":"https:\/\/agromt.news\/index.php?rest_route=%2Fwp%2Fv2%2Fmedia&parent=7846"}],"wp:term":[{"taxonomy":"category","embeddable":true,"href":"https:\/\/agromt.news\/index.php?rest_route=%2Fwp%2Fv2%2Fcategories&post=7846"},{"taxonomy":"post_tag","embeddable":true,"href":"https:\/\/agromt.news\/index.php?rest_route=%2Fwp%2Fv2%2Ftags&post=7846"}],"curies":[{"name":"wp","href":"https:\/\/api.w.org\/{rel}","templated":true}]}}