{"id":7844,"date":"2025-01-11T16:41:02","date_gmt":"2025-01-11T20:41:02","guid":{"rendered":"https:\/\/agromt.news\/?p=7844"},"modified":"2025-01-11T16:41:02","modified_gmt":"2025-01-11T20:41:02","slug":"chuvas-amenizam-seca-na-turquia","status":"publish","type":"post","link":"https:\/\/agromt.news\/?p=7844","title":{"rendered":"chuvas amenizam seca na Turquia"},"content":{"rendered":"<p> <br \/>\n<\/p>\n<div>\n<div class=\"row\">\n<div class=\"col-lg col-infos mt-3 mt-lg-0\">\n<div class=\"section-sub-title\">\n<p itemprop=\"description\">&#13;<br \/>\n                                As temperaturas na Turquia ficaram at\u00e9 3\u00b0C acima da m\u00e9dia&#13;\n                            <\/p>\n<\/p><\/div>\n<div class=\"container\">\n<div class=\"row\">\n<div class=\"col-lg p-0\">\n<div>\n<div class=\"block-news-main-infos mt-3 text-start\">\n<p>                                            <strong class=\"fn\" itemprop=\"author\" style=\"color: rgb(112, 112, 112); \">&#13;<br \/>\n                                                <a href=\"https:\/\/www.agrolink.com.br\/noticias\/javascript:;\" class=\"text-uppercase\" target=\"_blank\" style=\"color: rgb(112, 112, 112); \" rel=\"noopener\">Agrolink<\/a>&#13;<br \/>\n&#13;<br \/>\n                                                    &#8211; Seane Lennon&#13;<br \/>\n&#13;<br \/>\n                                            <\/strong><br \/>\n                                        <\/p>\n<p>                                            <abbr><time datetime=\"2025-01-10T18:34\" itemprop=\"datePublished dateModified\">Publicado em 10\/01\/2025 \u00e0s 18:34h.<\/time><\/abbr><br \/>\n                                            <\/p><\/div>\n<\/p><\/div>\n<\/p><\/div>\n<div class=\"col-lg p-0 text-lg-end\">\n<div>\n<div id=\"mdEnviarPagina\" class=\"modal fade\" role=\"dialog\">\n<div class=\"modal-dialog\">\n<div class=\"modal-content\">\n<div class=\"modal-body\">\n<p><strong>Estimado usu\u00e1rio.<\/strong><br \/>Preencha o formul\u00e1rio abaixo para remeter a p\u00e1gina.<\/p>\n<\/p><\/div>\n<\/p><\/div>\n<\/p><\/div>\n<\/div><\/div>\n<\/p><\/div>\n<\/p><\/div>\n<\/p><\/div>\n<\/p><\/div>\n<\/p><\/div>\n<div class=\"row justify-content-md-center mt-3\">\n<div class=\"col-lg-auto col-image  block-news-main-image d-none d-md-block\">\n<p>                                <img decoding=\"async\" src=\"https:\/\/www.agrolink.com.br\/upload\/imagens-resizes\/efe06d64d3324063a7184b7b0ebf9e3c_858x483.jpg\" class=\"lazyload \"\/><br \/>\n                                                <span class=\"publicity-photo d-block mt-1\">Foto: Pixabay<\/span><\/p><\/div>\n<\/p><\/div>\n<div class=\"section-description section-description-noticias mt-3\">\n<p style=\"text-align:justify\">O Departamento de Agricultura dos Estados Unidos (USDA) divulgou nesta ter\u00e7a-feira (7) o boletim semanal Weekly Weather and Crop Bulletin, destacando o impacto das condi\u00e7\u00f5es clim\u00e1ticas no Oriente M\u00e9dio. A regi\u00e3o experimentou um contraste clim\u00e1tico, com instabilidade no oeste e tempo seco predominando nas por\u00e7\u00f5es central e oriental.&#13;\n<\/p>\n<p style=\"text-align:justify\">Na Turquia, duas perturba\u00e7\u00f5es oriundas do Mediterr\u00e2neo trouxeram volumes expressivos de chuva, variando entre 10 e 50 mm em grande parte do oeste, centro e sul do pa\u00eds, com acumulados acima de 300 mm na costa do Mar Egeu. Este cen\u00e1rio ajudou a aliviar a seca em v\u00e1rias regi\u00f5es, embora d\u00e9ficits de precipita\u00e7\u00e3o ainda sejam observados no sudeste, particularmente na regi\u00e3o GAP.&#13;\n<\/p>\n<p style=\"text-align:justify\">Em Israel, a costa leste do Mediterr\u00e2neo registrou mais de 100 mm de chuva ao longo da semana. Entretanto, nas principais \u00e1reas agr\u00edcolas de inverno do Iraque e do oeste do Ir\u00e3, o clima seco predominou, com apenas chuvas esparsas e neve nas montanhas centrais e do sul do Ir\u00e3.&#13;\n<\/p>\n<p style=\"text-align:justify\">As temperaturas na Turquia ficaram at\u00e9 3\u00b0C acima da m\u00e9dia, enquanto em outras \u00e1reas do Oriente M\u00e9dio os term\u00f4metros se mantiveram pr\u00f3ximos aos padr\u00f5es normais.<\/p>\n<\/p><\/div>\n<\/p><\/div>\n<p><script data-cfasync=\"false\">\n    !function (f, b, e, v, n, t, s) {\n        if (f.fbq) return; n = f.fbq = function () {\n            n.callMethod ?\n                n.callMethod.apply(n, arguments) : n.queue.push(arguments)\n        };\n        if (!f._fbq) f._fbq = n; n.push = n; n.loaded = !0; n.version = '2.0';\n        n.queue = []; t = b.createElement(e); t.async = !0;\n        t.src = v; s = b.getElementsByTagName(e)[0];\n        s.parentNode.insertBefore(t, s)\n    }(window, document, 'script',\n        'https:\/\/connect.facebook.net\/en_US\/fbevents.js');\n    fbq('init', '522546078623747');\n    fbq('track', 'PageView');\n<\/script><br \/>\n<br \/><br \/>\n<br \/><a href=\"https:\/\/www.agrolink.com.br\/noticias\/oriente-medio--chuvas-amenizam-seca-na-turquia_498331.html\">Source link <\/a><\/p>\n","protected":false},"excerpt":{"rendered":"<p>&#13; As temperaturas na Turquia ficaram at\u00e9 3\u00b0C acima da m\u00e9dia&#13; &#13; Agrolink&#13; &#13; &#8211; Seane Lennon&#13; &#13; Publicado em<\/p>\n","protected":false},"author":1,"featured_media":7845,"comment_status":"open","ping_status":"open","sticky":false,"template":"","format":"standard","meta":{"_monsterinsights_skip_tracking":false,"_monsterinsights_sitenote_active":false,"_monsterinsights_sitenote_note":"","_monsterinsights_sitenote_category":0,"_uf_show_specific_survey":0,"_uf_disable_surveys":false,"footnotes":""},"categories":[8,1,14],"tags":[],"class_list":["post-7844","post","type-post","status-publish","format-standard","has-post-thumbnail","hentry","category-agro","category-news","category-politica-agro"],"_links":{"self":[{"href":"https:\/\/agromt.news\/index.php?rest_route=\/wp\/v2\/posts\/7844"}],"collection":[{"href":"https:\/\/agromt.news\/index.php?rest_route=\/wp\/v2\/posts"}],"about":[{"href":"https:\/\/agromt.news\/index.php?rest_route=\/wp\/v2\/types\/post"}],"author":[{"embeddable":true,"href":"https:\/\/agromt.news\/index.php?rest_route=\/wp\/v2\/users\/1"}],"replies":[{"embeddable":true,"href":"https:\/\/agromt.news\/index.php?rest_route=%2Fwp%2Fv2%2Fcomments&post=7844"}],"version-history":[{"count":0,"href":"https:\/\/agromt.news\/index.php?rest_route=\/wp\/v2\/posts\/7844\/revisions"}],"wp:featuredmedia":[{"embeddable":true,"href":"https:\/\/agromt.news\/index.php?rest_route=\/wp\/v2\/media\/7845"}],"wp:attachment":[{"href":"https:\/\/agromt.news\/index.php?rest_route=%2Fwp%2Fv2%2Fmedia&parent=7844"}],"wp:term":[{"taxonomy":"category","embeddable":true,"href":"https:\/\/agromt.news\/index.php?rest_route=%2Fwp%2Fv2%2Fcategories&post=7844"},{"taxonomy":"post_tag","embeddable":true,"href":"https:\/\/agromt.news\/index.php?rest_route=%2Fwp%2Fv2%2Ftags&post=7844"}],"curies":[{"name":"wp","href":"https:\/\/api.w.org\/{rel}","templated":true}]}}