{"id":7842,"date":"2025-01-11T16:11:55","date_gmt":"2025-01-11T20:11:55","guid":{"rendered":"https:\/\/agromt.news\/?p=7842"},"modified":"2025-01-11T16:11:55","modified_gmt":"2025-01-11T20:11:55","slug":"produtores-do-para-unem-acoes-para-impulsionar-sustentabilidade","status":"publish","type":"post","link":"https:\/\/agromt.news\/?p=7842","title":{"rendered":"Produtores do Par\u00e1 unem a\u00e7\u00f5es para impulsionar sustentabilidade"},"content":{"rendered":"<p> <br \/>\n<br \/><img decoding=\"async\" src=\"https:\/\/agromt.news\/wp-content\/uploads\/2025\/01\/Produtores-do-Para-unem-acoes-para-impulsionar-sustentabilidade.jpg\" \/><\/p>\n<div>\n<p>Com a perspectiva de inserir micro e pequenos produtores rurais na rota da Confer\u00eancia das Na\u00e7\u00f5es Unidas sobre as Mudan\u00e7as Clim\u00e1ticas de 2025 (<a href=\"https:\/\/www.canalrural.com.br\/empreendedorismo\/agrofloresta-transforma-negocio-de-pequeno-produtor-rural\/\"><strong>COP 30<\/strong><\/a>), o Sebrae e organiza\u00e7\u00f5es parceiras t\u00eam realizado visitas e capacita\u00e7\u00f5es em regi\u00f5es do Norte do Brasil.\u00a0<\/p>\n<p>Desta vez, as visitas aconteceram aos neg\u00f3cios sustent\u00e1veis dos munic\u00edpios do Baixo Amazonas, no Par\u00e1, que compreende Santar\u00e9m, Moju\u00ed dos Campos e Belterra, al\u00e9m do Distrito de Alter do Ch\u00e3o.<\/p>\n<p>Segundo o diretor-t\u00e9cnico do<a href=\"https:\/\/agenciasebrae.com.br\/\"> Sebrae<\/a>, Bruno Quick, o objetivo da organiza\u00e7\u00e3o \u00e9 mostrar um conjunto de iniciativas j\u00e1 existentes na regi\u00e3o para, de fato, revelar oportunidades em como ganhar dinheiro com a floresta em p\u00e9. \u201cMuitos falam disso, mas poucos mostram como fazer. O Sebrae quer colaborar para que isso ocorra\u201d, disse.<\/p>\n<p>Dentre as iniciativas est\u00e1 o Viveiro Florestal Ardosa, um ber\u00e7\u00e1rio de mudas nativas e frut\u00edferas da Amaz\u00f4nia. Certificado pelo Minist\u00e9rio da Agricultura e Pecu\u00e1ria (Mapa), o Viveiro fornece mudas para empresas e associa\u00e7\u00f5es da agricultura familiar que desejam reflorestar ou recompor os ambientes florestais.<\/p>\n<p>O bi\u00f3logo Sidcley Matos, um dos gestores do local, afirmou que a COP 30 pode ser uma vitrine para o Viveiro.\u00a0<\/p>\n<\/div>\n<div>\n<p>\u201cEstamos confiantes em ter maior visibilidade para expandir o Viveiro. Esperamos que a Confer\u00eancia nos traga recursos, conhecimento e est\u00edmulo para que a floresta seja recuperada, e o que est\u00e1 em p\u00e9, permane\u00e7a em p\u00e9\u201d, contou.<\/p>\n<h2 class=\"wp-block-heading\" id=\"h-biodiversidade-inclusiva\"><strong>Biodiversidade inclusiva<\/strong><\/h2>\n<p>O Viveiro tamb\u00e9m estimula a inclus\u00e3o social e econ\u00f4mica. Isso porque trabalha em coopera\u00e7\u00e3o com catadores de sementes de territ\u00f3rios quilombolas, ind\u00edgenas e comunidades ribeirinhas, garantindo uma sele\u00e7\u00e3o diversificada e de qualidade.\u00a0<\/p>\n<p>Com a produ\u00e7\u00e3o de mais de 50 mil mudas por ano e a diversifica\u00e7\u00e3o de 70 esp\u00e9cies, o Viveiro Florestal Ardosa ainda cultiva plantas amea\u00e7adas de extin\u00e7\u00e3o como o Acapu, a Ita\u00faba e o Pau Amarelo.<\/p>\n<p>Bruno Quick ainda afirmou que o Brasil tem um dos ecossistemas mais ricos do planeta, sendo o de maior destaque, o bioma Amaz\u00f4nia.\u00a0<\/p>\n<p>\u201cToda a discuss\u00e3o em torno de conciliar os recursos naturais com os setores da ind\u00fastria, com\u00e9rcio, pecu\u00e1ria e servi\u00e7os vem para efetivar o potencial de desenvolvimento da Amaz\u00f4nia, que ganha ainda mais for\u00e7a com a COP 30\u201d, disse.<\/p>\n<p>Com informa\u00e7\u00f5es da <a href=\"https:\/\/agenciasebrae.com.br\/cultura-empreendedora\/municipios-do-baixo-amazonas-no-para-concentram-iniciativas-do-sebrae-para-impulsionar-negocios-sustentaveis\/\">Ag\u00eancia Sebrae de Not\u00edcias<\/a><\/p>\n<\/p><\/div>\n<p><br \/>\n<br \/><a href=\"https:\/\/www.canalrural.com.br\/empreendedorismo\/produtores-do-para-unem-acoes-para-impulsionar-sustentabilidade\/\">Source link <\/a><\/p>\n","protected":false},"excerpt":{"rendered":"<p>Com a perspectiva de inserir micro e pequenos produtores rurais na rota da Confer\u00eancia das Na\u00e7\u00f5es Unidas sobre as Mudan\u00e7as<\/p>\n","protected":false},"author":1,"featured_media":7843,"comment_status":"open","ping_status":"open","sticky":false,"template":"","format":"standard","meta":{"_monsterinsights_skip_tracking":false,"_monsterinsights_sitenote_active":false,"_monsterinsights_sitenote_note":"","_monsterinsights_sitenote_category":0,"_uf_show_specific_survey":0,"_uf_disable_surveys":false,"footnotes":""},"categories":[1],"tags":[],"class_list":["post-7842","post","type-post","status-publish","format-standard","has-post-thumbnail","hentry","category-news"],"_links":{"self":[{"href":"https:\/\/agromt.news\/index.php?rest_route=\/wp\/v2\/posts\/7842"}],"collection":[{"href":"https:\/\/agromt.news\/index.php?rest_route=\/wp\/v2\/posts"}],"about":[{"href":"https:\/\/agromt.news\/index.php?rest_route=\/wp\/v2\/types\/post"}],"author":[{"embeddable":true,"href":"https:\/\/agromt.news\/index.php?rest_route=\/wp\/v2\/users\/1"}],"replies":[{"embeddable":true,"href":"https:\/\/agromt.news\/index.php?rest_route=%2Fwp%2Fv2%2Fcomments&post=7842"}],"version-history":[{"count":0,"href":"https:\/\/agromt.news\/index.php?rest_route=\/wp\/v2\/posts\/7842\/revisions"}],"wp:featuredmedia":[{"embeddable":true,"href":"https:\/\/agromt.news\/index.php?rest_route=\/wp\/v2\/media\/7843"}],"wp:attachment":[{"href":"https:\/\/agromt.news\/index.php?rest_route=%2Fwp%2Fv2%2Fmedia&parent=7842"}],"wp:term":[{"taxonomy":"category","embeddable":true,"href":"https:\/\/agromt.news\/index.php?rest_route=%2Fwp%2Fv2%2Fcategories&post=7842"},{"taxonomy":"post_tag","embeddable":true,"href":"https:\/\/agromt.news\/index.php?rest_route=%2Fwp%2Fv2%2Ftags&post=7842"}],"curies":[{"name":"wp","href":"https:\/\/api.w.org\/{rel}","templated":true}]}}