{"id":7838,"date":"2025-01-11T14:40:39","date_gmt":"2025-01-11T18:40:39","guid":{"rendered":"https:\/\/agromt.news\/?p=7838"},"modified":"2025-01-11T14:40:39","modified_gmt":"2025-01-11T18:40:39","slug":"embrapa-cafe-lanca-publicacao-sobre-manejo-integrado","status":"publish","type":"post","link":"https:\/\/agromt.news\/?p=7838","title":{"rendered":"Embrapa Caf\u00e9 lan\u00e7a publica\u00e7\u00e3o sobre manejo integrado"},"content":{"rendered":"<p> <br \/>\n<br \/><img decoding=\"async\" src=\"https:\/\/agromt.news\/wp-content\/uploads\/2025\/01\/Embrapa-Cafe-lanca-publicacao-sobre-manejo-integrado.jpg\" \/><\/p>\n<div>\n<p>A <a href=\"https:\/\/www.embrapa.br\/cafe\">Embrapa <\/a>Caf\u00e9, coordenadora do Cons\u00f3rcio Pesquisa Caf\u00e9, lan\u00e7ou a Circular T\u00e9cnica n\u00ba 9, intitulada \u201cManejo integrado de pragas e doen\u00e7as dos caf\u00e9s conilon e robusta\u201d. A publica\u00e7\u00e3o detalha as principais pragas e doen\u00e7as que impactam a produ\u00e7\u00e3o de <em>Coffee canephora<\/em> no Brasil e apresenta diretrizes t\u00e9cnicas para o monitoramento e manejo integrado, fundamentais para mitigar perdas e garantir a sustentabilidade da produ\u00e7\u00e3o.<\/p>\n<p>Os caf\u00e9s conilon e robusta, duas variedades da esp\u00e9cie <em>C. canephora<\/em>, possuem caracter\u00edsticas distintas que os tornam relevantes para diferentes regi\u00f5es <a href=\"https:\/\/www.canalrural.com.br\/?s=caf%C3%A9\">produtoras<\/a>, como Esp\u00edrito Santo e Rond\u00f4nia. Enquanto o conilon \u00e9 mais tolerante \u00e0 seca, o robusta apresenta maior vigor e resist\u00eancia a doen\u00e7as. Contudo, ambos enfrentam desafios fitossanit\u00e1rios que comprometem a produtividade, especialmente quando as pr\u00e1ticas de manejo n\u00e3o s\u00e3o adotadas.<\/p>\n<\/div>\n<div>\n<p>A Circular T\u00e9cnica destaca a import\u00e2ncia de estrat\u00e9gias sustent\u00e1veis, como a integra\u00e7\u00e3o de pr\u00e1ticas de controle qu\u00edmico, biol\u00f3gico e cultural. Essas abordagens reduzem os impactos ambientais e promovem a sa\u00fade dos trabalhadores, al\u00e9m de assegurar produtividade e qualidade. O documento inclui diretrizes pr\u00e1ticas, baseadas em dados do Sistema de Agrot\u00f3xicos Fitossanit\u00e1rios (Agrofit), para orientar produtores na tomada de decis\u00f5es no campo.<\/p>\n<p>Dispon\u00edvel gratuitamente no site da <a href=\"https:\/\/www.embrapa.br\/busca-de-publicacoes\/-\/publicacao\/1170688\/manejo-integrado-de-pragas-e-doencas-dos-cafes-conilon-e-robusta\">Embrapa Caf\u00e9<\/a>, a publica\u00e7\u00e3o tamb\u00e9m \u00e9 um marco no fortalecimento do acesso ao conhecimento t\u00e9cnico por meio do Observat\u00f3rio do Caf\u00e9. Com reposit\u00f3rios tem\u00e1ticos e acervos cient\u00edficos unificados, a iniciativa busca capacitar agricultores e ampliar o impacto das pesquisas realizadas no \u00e2mbito do Cons\u00f3rcio Pesquisa Caf\u00e9.<\/p>\n<\/p><\/div>\n<p><br \/>\n<br \/><a href=\"https:\/\/www.canalrural.com.br\/agricultura\/cafe\/embrapa-cafe-lanca-publicacao-sobre-manejo-integrado\/\">Source link <\/a><\/p>\n","protected":false},"excerpt":{"rendered":"<p>A Embrapa Caf\u00e9, coordenadora do Cons\u00f3rcio Pesquisa Caf\u00e9, lan\u00e7ou a Circular T\u00e9cnica n\u00ba 9, intitulada \u201cManejo integrado de pragas e<\/p>\n","protected":false},"author":1,"featured_media":7839,"comment_status":"open","ping_status":"open","sticky":false,"template":"","format":"standard","meta":{"_monsterinsights_skip_tracking":false,"_monsterinsights_sitenote_active":false,"_monsterinsights_sitenote_note":"","_monsterinsights_sitenote_category":0,"_uf_show_specific_survey":0,"_uf_disable_surveys":false,"footnotes":""},"categories":[1],"tags":[],"class_list":["post-7838","post","type-post","status-publish","format-standard","has-post-thumbnail","hentry","category-news"],"_links":{"self":[{"href":"https:\/\/agromt.news\/index.php?rest_route=\/wp\/v2\/posts\/7838"}],"collection":[{"href":"https:\/\/agromt.news\/index.php?rest_route=\/wp\/v2\/posts"}],"about":[{"href":"https:\/\/agromt.news\/index.php?rest_route=\/wp\/v2\/types\/post"}],"author":[{"embeddable":true,"href":"https:\/\/agromt.news\/index.php?rest_route=\/wp\/v2\/users\/1"}],"replies":[{"embeddable":true,"href":"https:\/\/agromt.news\/index.php?rest_route=%2Fwp%2Fv2%2Fcomments&post=7838"}],"version-history":[{"count":0,"href":"https:\/\/agromt.news\/index.php?rest_route=\/wp\/v2\/posts\/7838\/revisions"}],"wp:featuredmedia":[{"embeddable":true,"href":"https:\/\/agromt.news\/index.php?rest_route=\/wp\/v2\/media\/7839"}],"wp:attachment":[{"href":"https:\/\/agromt.news\/index.php?rest_route=%2Fwp%2Fv2%2Fmedia&parent=7838"}],"wp:term":[{"taxonomy":"category","embeddable":true,"href":"https:\/\/agromt.news\/index.php?rest_route=%2Fwp%2Fv2%2Fcategories&post=7838"},{"taxonomy":"post_tag","embeddable":true,"href":"https:\/\/agromt.news\/index.php?rest_route=%2Fwp%2Fv2%2Ftags&post=7838"}],"curies":[{"name":"wp","href":"https:\/\/api.w.org\/{rel}","templated":true}]}}