{"id":782,"date":"2024-08-26T09:49:28","date_gmt":"2024-08-26T13:49:28","guid":{"rendered":"https:\/\/agromt.news\/?p=782"},"modified":"2024-08-26T09:49:28","modified_gmt":"2024-08-26T13:49:28","slug":"canal-rural-e-cnn-brasil-fazem-parceria-para-cobertura-do-g20-agro","status":"publish","type":"post","link":"https:\/\/agromt.news\/?p=782","title":{"rendered":"Canal Rural e CNN Brasil fazem parceria para cobertura do G20 Agro"},"content":{"rendered":"<p> <br \/>\n<br \/><img decoding=\"async\" src=\"https:\/\/agromt.news\/wp-content\/uploads\/2024\/08\/Canal-Rural-e-CNN-Brasil-fazem-parceria-para-cobertura-do.jpg\" \/><\/p>\n<div>\n<p>O Canal Rural e a CNN Brasil estar\u00e3o juntos para a cobertura do G20 Agro, encontro que levar\u00e1 autoridades de v\u00e1rios pa\u00edses \u00e0 Chapada dos Guimar\u00e3es, em Mato Grosso, de <strong>10 a 13 de setembro.<\/strong> <\/p>\n<p>A parceria come\u00e7ar\u00e1 antes mesmo do G20 Agro, no acompanhamento do F\u00f3rum Internacional da Agropecu\u00e1ria <strong><a href=\"https:\/\/www.canalrural.com.br\/sustentabilidade\/agro-prepara-forum-em-cuiaba-para-chamar-atencao-do-g20\/\">(Fiap 2024)<\/a><\/strong>, promovido pelo Canal Rural no dia <strong>9 de setembr<\/strong>o, no Cenarium Rural, em Cuiab\u00e1 (MT), a duas horas da Chapada.<\/p>\n<\/div>\n<div>\n<p>O f\u00f3rum funcionar\u00e1 como aquecimento para a agenda do Grupo de Trabalho G20 Agro, que receber\u00e1 representantes dos 20 pa\u00edses do bloco e mais dez pa\u00edses convidados.<\/p>\n<p>\u201cA parceria com a CNN Brasil \u00e9 de extrema relev\u00e2ncia, visto que amplia o alcance do tema para muito al\u00e9m dos profissionais que trabalham diretamente com o assunto. Afinal, o agro \u00e9 assunto de interesse de todos, com impacto direto em nossas vidas, desde a alimenta\u00e7\u00e3o at\u00e9 a energia\u201d, diz o presidente do Cabal Rural, Julio Cargnino.<\/p>\n<p>\u201cNossa proposta \u00e9 levar ao maior n\u00famero de pessoas o entendimento sobre esse universo, assim como as reflex\u00f5es e solu\u00e7\u00f5es necess\u00e1rias para o avan\u00e7o de um setor que coloca o Brasil hoje em plenas condi\u00e7\u00f5es de exercer um protagonismo mundial\u201d, afirma o vice-presidente de Jornalismo, Conte\u00fado e Opera\u00e7\u00f5es da CNN Brasil, Virgilio Abranches.<\/p>\n<p>O Fiap 2024 tem o apoio da Confedera\u00e7\u00e3o de Agricultura e Pecu\u00e1ria do Brasil (CNA), da Federa\u00e7\u00e3o de Agricultura de Mato Grosso (Famato), da Confedera\u00e7\u00e3o Nacional da Ind\u00fastria (CNI), da CropLife, da Funda\u00e7\u00e3o de Apoio \u00e0 Pesquisa do Corredor de Exporta\u00e7\u00e3o Norte (Fapcen ) e da Azul Linhas a\u00e9reas, al\u00e9m do patroc\u00ednio de JBS, Apex Brasil, John Deer e Senar-MT.<\/p>\n<h2 class=\"wp-block-heading\" id=\"h-g20-agro\">G20 Agro<\/h2>\n<p>Mato Grosso foi escolhido para sediar uma das 13 reuni\u00f5es t\u00e9cnicas e ministeriais do G20, como a que ser\u00e1 realizada em setembro, na Chapada dos Guimar\u00e3es. <\/p>\n<p>A programa\u00e7\u00e3o prev\u00ea f\u00f3runs de discuss\u00f5es para definir pol\u00edticas p\u00fablicas e a\u00e7\u00f5es estrat\u00e9gicas que ser\u00e3o recomendadas \u00e0 C\u00fapula de L\u00edderes do G20. \u00c9 o momento em que chefes de Estado e de governo aprovam os acordos negociados ao longo do ano, e apontam caminhos para lidar com os desafios globais. <\/p>\n<p>A pr\u00f3xima reuni\u00e3o da C\u00fapula de L\u00edderes do G20 ser\u00e1 em novembro, no Rio de Janeiro, com a presen\u00e7a de 19 pa\u00edses membros, mais a Uni\u00e3o Europeia.<\/p>\n<\/div>\n<p><br \/>\n<br \/><a href=\"https:\/\/www.canalrural.com.br\/agricultura\/canal-rural-e-cnn-brasil-fazem-parceria-para-cobertura-do-g20-agro\/\">Source link <\/a><\/p>\n","protected":false},"excerpt":{"rendered":"<p>O Canal Rural e a CNN Brasil estar\u00e3o juntos para a cobertura do G20 Agro, encontro que levar\u00e1 autoridades de<\/p>\n","protected":false},"author":1,"featured_media":783,"comment_status":"open","ping_status":"open","sticky":false,"template":"","format":"standard","meta":{"_monsterinsights_skip_tracking":false,"_monsterinsights_sitenote_active":false,"_monsterinsights_sitenote_note":"","_monsterinsights_sitenote_category":0,"_uf_show_specific_survey":0,"_uf_disable_surveys":false,"footnotes":""},"categories":[1],"tags":[],"class_list":["post-782","post","type-post","status-publish","format-standard","has-post-thumbnail","hentry","category-news"],"_links":{"self":[{"href":"https:\/\/agromt.news\/index.php?rest_route=\/wp\/v2\/posts\/782"}],"collection":[{"href":"https:\/\/agromt.news\/index.php?rest_route=\/wp\/v2\/posts"}],"about":[{"href":"https:\/\/agromt.news\/index.php?rest_route=\/wp\/v2\/types\/post"}],"author":[{"embeddable":true,"href":"https:\/\/agromt.news\/index.php?rest_route=\/wp\/v2\/users\/1"}],"replies":[{"embeddable":true,"href":"https:\/\/agromt.news\/index.php?rest_route=%2Fwp%2Fv2%2Fcomments&post=782"}],"version-history":[{"count":0,"href":"https:\/\/agromt.news\/index.php?rest_route=\/wp\/v2\/posts\/782\/revisions"}],"wp:featuredmedia":[{"embeddable":true,"href":"https:\/\/agromt.news\/index.php?rest_route=\/wp\/v2\/media\/783"}],"wp:attachment":[{"href":"https:\/\/agromt.news\/index.php?rest_route=%2Fwp%2Fv2%2Fmedia&parent=782"}],"wp:term":[{"taxonomy":"category","embeddable":true,"href":"https:\/\/agromt.news\/index.php?rest_route=%2Fwp%2Fv2%2Fcategories&post=782"},{"taxonomy":"post_tag","embeddable":true,"href":"https:\/\/agromt.news\/index.php?rest_route=%2Fwp%2Fv2%2Ftags&post=782"}],"curies":[{"name":"wp","href":"https:\/\/api.w.org\/{rel}","templated":true}]}}