{"id":7773,"date":"2025-01-10T07:07:37","date_gmt":"2025-01-10T11:07:37","guid":{"rendered":"https:\/\/agromt.news\/?p=7773"},"modified":"2025-01-10T07:07:37","modified_gmt":"2025-01-10T11:07:37","slug":"seca-e-neve-redefinem-desafios-agricolas-na-europa","status":"publish","type":"post","link":"https:\/\/agromt.news\/?p=7773","title":{"rendered":"Seca e neve redefinem desafios agr\u00edcolas na Europa"},"content":{"rendered":"<p> <br \/>\n<\/p>\n<div>\n<p style=\"text-align:justify\">O Departamento de Agricultura dos Estados Unidos (USDA) divulgou nesta ter\u00e7a-feira (7) o boletim semanal Weekly Weather and Crop Bulletin, destacando o impacto do clima irregular nas atividades agr\u00edcolas de diferentes regi\u00f5es da Europa.<\/p>\n<p style=\"text-align:justify\">Durante a primeira metade do per\u00edodo analisado, o tempo seco predominou, sendo substitu\u00eddo por chuva e neve no final da semana em diversas \u00e1reas do norte da Europa. No entanto, regi\u00f5es como Espanha, norte da It\u00e1lia e Hungria continuaram enfrentando condi\u00e7\u00f5es de seca, ampliando os d\u00e9ficits de umidade do solo.&#13;\n<\/p>\n<p style=\"text-align:justify\">As chuvas, concentradas na Inglaterra, Escandin\u00e1via e Estados B\u00e1lticos, variaram de 10 a 75 mm, enquanto Fran\u00e7a, Alemanha e Pol\u00f4nia registraram volumes menores, entre 5 e 35 mm. Neve foi observada em partes mais altas da Alemanha, Pol\u00f4nia, Litu\u00e2nia e B\u00e1lc\u00e3s ocidentais, mas as principais \u00e1reas agr\u00edcolas da Europa central e oriental permaneceram com cobertura de neve abaixo de 5 cm.<\/p>\n<p style=\"text-align:justify\">A seca se intensificou na Espanha, norte da It\u00e1lia e, particularmente, no sudoeste da Hungria, onde a regi\u00e3o de Transdan\u00fabia registrou apenas 32% da precipita\u00e7\u00e3o normal desde 1\u00ba de outubro. Este \u00e9 o per\u00edodo mais seco em 30 anos na \u00e1rea, aumentando preocupa\u00e7\u00f5es sobre os impactos na produ\u00e7\u00e3o agr\u00edcola.&#13;\n<\/p>\n<p style=\"text-align:justify\">O relat\u00f3rio tamb\u00e9m apontou contrastes significativos nas temperaturas. Enquanto a Europa Ocidental registrou condi\u00e7\u00f5es abaixo da m\u00e9dia, com quedas de at\u00e9 6\u00b0C na Espanha, o leste do continente experimentou calor an\u00f4malo, com temperaturas entre 2\u00b0C e 6\u00b0C acima do normal.<\/p>\n<p style=\"text-align:justify\">As condi\u00e7\u00f5es vari\u00e1veis tiveram efeitos mistos sobre o trabalho agr\u00edcola. O c\u00e9u ensolarado no in\u00edcio da semana favoreceu atividades de campo e manuten\u00e7\u00e3o em \u00e1reas como Fran\u00e7a e Alemanha. Contudo, o retorno das chuvas e o frio intenso nas eleva\u00e7\u00f5es aumentaram os desafios para as principais regi\u00f5es agr\u00edcolas do continente.<br \/>&#13;<br \/>\n\u00a0&#13;\n<\/p>\n<\/p><\/div>\n<p><script data-cfasync=\"false\">\n    !function (f, b, e, v, n, t, s) {\n        if (f.fbq) return; n = f.fbq = function () {\n            n.callMethod ?\n                n.callMethod.apply(n, arguments) : n.queue.push(arguments)\n        };\n        if (!f._fbq) f._fbq = n; n.push = n; n.loaded = !0; n.version = '2.0';\n        n.queue = []; t = b.createElement(e); t.async = !0;\n        t.src = v; s = b.getElementsByTagName(e)[0];\n        s.parentNode.insertBefore(t, s)\n    }(window, document, 'script',\n        'https:\/\/connect.facebook.net\/en_US\/fbevents.js');\n    fbq('init', '522546078623747');\n    fbq('track', 'PageView');\n<\/script><br \/>\n<br \/><br \/>\n<br \/><a href=\"https:\/\/www.agrolink.com.br\/noticias\/seca-e-neve-redefinem-desafios-agricolas-na-europa_498287.html\">Source link <\/a><\/p>\n","protected":false},"excerpt":{"rendered":"<p>O Departamento de Agricultura dos Estados Unidos (USDA) divulgou nesta ter\u00e7a-feira (7) o boletim semanal Weekly Weather and Crop Bulletin,<\/p>\n","protected":false},"author":1,"featured_media":7774,"comment_status":"open","ping_status":"open","sticky":false,"template":"","format":"standard","meta":{"_monsterinsights_skip_tracking":false,"_monsterinsights_sitenote_active":false,"_monsterinsights_sitenote_note":"","_monsterinsights_sitenote_category":0,"_uf_show_specific_survey":0,"_uf_disable_surveys":false,"footnotes":""},"categories":[8,1,14],"tags":[],"class_list":["post-7773","post","type-post","status-publish","format-standard","has-post-thumbnail","hentry","category-agro","category-news","category-politica-agro"],"_links":{"self":[{"href":"https:\/\/agromt.news\/index.php?rest_route=\/wp\/v2\/posts\/7773"}],"collection":[{"href":"https:\/\/agromt.news\/index.php?rest_route=\/wp\/v2\/posts"}],"about":[{"href":"https:\/\/agromt.news\/index.php?rest_route=\/wp\/v2\/types\/post"}],"author":[{"embeddable":true,"href":"https:\/\/agromt.news\/index.php?rest_route=\/wp\/v2\/users\/1"}],"replies":[{"embeddable":true,"href":"https:\/\/agromt.news\/index.php?rest_route=%2Fwp%2Fv2%2Fcomments&post=7773"}],"version-history":[{"count":0,"href":"https:\/\/agromt.news\/index.php?rest_route=\/wp\/v2\/posts\/7773\/revisions"}],"wp:featuredmedia":[{"embeddable":true,"href":"https:\/\/agromt.news\/index.php?rest_route=\/wp\/v2\/media\/7774"}],"wp:attachment":[{"href":"https:\/\/agromt.news\/index.php?rest_route=%2Fwp%2Fv2%2Fmedia&parent=7773"}],"wp:term":[{"taxonomy":"category","embeddable":true,"href":"https:\/\/agromt.news\/index.php?rest_route=%2Fwp%2Fv2%2Fcategories&post=7773"},{"taxonomy":"post_tag","embeddable":true,"href":"https:\/\/agromt.news\/index.php?rest_route=%2Fwp%2Fv2%2Ftags&post=7773"}],"curies":[{"name":"wp","href":"https:\/\/api.w.org\/{rel}","templated":true}]}}