{"id":7772,"date":"2025-01-10T05:11:25","date_gmt":"2025-01-10T09:11:25","guid":{"rendered":"https:\/\/agromt.news\/?p=7772"},"modified":"2025-01-10T05:11:25","modified_gmt":"2025-01-10T09:11:25","slug":"mapa-investe-r-21-milhoes-na-recuperacao-da-agropecuaria-gaucha","status":"publish","type":"post","link":"https:\/\/agromt.news\/?p=7772","title":{"rendered":"Mapa investe R$ 21 milh\u00f5es na recupera\u00e7\u00e3o da agropecu\u00e1ria ga\u00facha"},"content":{"rendered":"<p> <br \/>\n<\/p>\n<div>\n<div class=\"row\">\n<div class=\"col-lg col-infos mt-3 mt-lg-0\">\n<div class=\"section-sub-title\">\n<p itemprop=\"description\">&#13;<br \/>\n                                Mapa celebra conv\u00eanio de R$ 21 milh\u00f5es para fortalecer a defesa agropecu\u00e1ria no RS&#13;\n                            <\/p>\n<\/p><\/div>\n<div class=\"container\">\n<div class=\"row\">\n<div class=\"col-lg p-0\">\n<div>\n<div class=\"block-news-main-infos mt-3 text-start\">\n<p>                                            <strong class=\"fn\" itemprop=\"author\" style=\"color: rgb(112, 112, 112); \">&#13;<br \/>\n                                                <a href=\"https:\/\/www.agrolink.com.br\/noticias\/javascript:;\" class=\"text-uppercase\" target=\"_blank\" style=\"color: rgb(112, 112, 112); \" rel=\"noopener\">Agrolink<\/a>&#13;<br \/>\n&#13;<br \/>\n                                                    &#8211; Seane Lennon&#13;<br \/>\n&#13;<br \/>\n                                            <\/strong><br \/>\n                                        <\/p>\n<p>                                            <abbr><time datetime=\"2025-01-09T18:27\" itemprop=\"datePublished dateModified\">Publicado em 09\/01\/2025 \u00e0s 18:27h.<\/time><\/abbr><br \/>\n                                            <\/p><\/div>\n<\/p><\/div>\n<\/p><\/div>\n<div class=\"col-lg p-0 text-lg-end\">\n<div>\n<div id=\"mdEnviarPagina\" class=\"modal fade\" role=\"dialog\">\n<div class=\"modal-dialog\">\n<div class=\"modal-content\">\n<div class=\"modal-body\">\n<p><strong>Estimado usu\u00e1rio.<\/strong><br \/>Preencha o formul\u00e1rio abaixo para remeter a p\u00e1gina.<\/p>\n<\/p><\/div>\n<\/p><\/div>\n<\/p><\/div>\n<\/div><\/div>\n<\/p><\/div>\n<\/p><\/div>\n<\/p><\/div>\n<\/p><\/div>\n<\/p><\/div>\n<div class=\"row justify-content-md-center mt-3\">\n<div class=\"col-lg-auto col-image  block-news-main-image d-none d-md-block\">\n<p>                                <img decoding=\"async\" src=\"https:\/\/www.agrolink.com.br\/upload\/imagens-resizes\/7e3d8cc09af242ad885db11f084ab346_858x483.jpg\" class=\"lazyload \"\/><br \/>\n                                                <span class=\"publicity-photo d-block mt-1\">Foto: Pixabay<\/span><\/p><\/div>\n<\/p><\/div>\n<div class=\"section-description section-description-noticias mt-3\">\n<p style=\"text-align:justify\">O Minist\u00e9rio da Agricultura e Pecu\u00e1ria (Mapa) oficializou, por meio de publica\u00e7\u00e3o no Di\u00e1rio Oficial da Uni\u00e3o, o conv\u00eanio com a Secretaria da Agricultura, Pecu\u00e1ria, Produ\u00e7\u00e3o Sustent\u00e1vel e Irriga\u00e7\u00e3o do Rio Grande do Sul (Seapi\/RS). O acordo, com valor global de R$ 21.284.243,09, prev\u00ea repasses de R$ 21 milh\u00f5es pelo Governo Federal para refor\u00e7ar o setor agropecu\u00e1rio no estado.&#13;\n<\/p>\n<p style=\"text-align:justify\">De acordo com Jos\u00e9 Cleber Dias de Souza, superintendente do Mapa no Rio Grande do Sul, as negocia\u00e7\u00f5es para o conv\u00eanio come\u00e7aram em maio de 2024, durante a instala\u00e7\u00e3o do gabinete itinerante liderado pelo ministro Carlos F\u00e1varo. Na ocasi\u00e3o, um plano detalhado foi elaborado pela equipe da Superintend\u00eancia de Agricultura e Pecu\u00e1ria do estado, em parceria com a Seapi\/RS e a Secretaria de Defesa Agropecu\u00e1ria do Minist\u00e9rio, com foco na recupera\u00e7\u00e3o das atividades agropecu\u00e1rias ga\u00fachas.<\/p>\n<p style=\"text-align:justify\">Os recursos foram viabilizados por meio da Medida Provis\u00f3ria n\u00ba 1.260\/2024, que destinou verbas tamb\u00e9m ao Instituto Nacional de Meteorologia (INMET) e \u00e0 Embrapa. No total, mais de R$ 80 milh\u00f5es foram alocados para a\u00e7\u00f5es no Rio Grande do Sul, sendo uma parte destinada ao conv\u00eanio com a Seapi\/RS.&#13;\n<\/p>\n<p style=\"text-align:justify\"><strong>Investimentos Previstos<\/strong><br \/>&#13;<br \/>\nOs recursos ser\u00e3o aplicados em diversas frentes estrat\u00e9gicas da agropecu\u00e1ria ga\u00facha, incluindo:<\/p>\n<ul>&#13;<\/p>\n<li style=\"text-align: justify;\">Defesa agropecu\u00e1ria animal e vegetal;<\/li>\n<p>&#13;<\/p>\n<li style=\"text-align: justify;\">Pesquisa e diagn\u00f3stico de sanidade;<\/li>\n<p>&#13;<\/p>\n<li style=\"text-align: justify;\">Aquisi\u00e7\u00e3o de equipamentos de escrit\u00f3rio, inform\u00e1tica, materiais laboratoriais e ve\u00edculos.<\/li>\n<p>&#13;\n<\/ul>\n<p style=\"text-align:justify\">Esses investimentos t\u00eam como objetivo garantir a sanidade dos cultivos e cria\u00e7\u00f5es, fortalecer os servi\u00e7os prestados aos agricultores e criadores, e promover a competitividade do setor.<\/p>\n<p style=\"text-align:justify\">O novo conv\u00eanio reafirma o compromisso do Governo Federal com o fortalecimento da agropecu\u00e1ria no estado, assegurando condi\u00e7\u00f5es adequadas para a produ\u00e7\u00e3o e comercializa\u00e7\u00e3o de produtos agr\u00edcolas e pecu\u00e1rios. O investimento tamb\u00e9m contribui para a resili\u00eancia do setor diante de desafios clim\u00e1ticos e econ\u00f4micos, que impactaram o Rio Grande do Sul nos \u00faltimos anos, conforme apontado pelo Mapa.<\/p>\n<\/p><\/div>\n<\/p><\/div>\n<p><script data-cfasync=\"false\">\n    !function (f, b, e, v, n, t, s) {\n        if (f.fbq) return; n = f.fbq = function () {\n            n.callMethod ?\n                n.callMethod.apply(n, arguments) : n.queue.push(arguments)\n        };\n        if (!f._fbq) f._fbq = n; n.push = n; n.loaded = !0; n.version = '2.0';\n        n.queue = []; t = b.createElement(e); t.async = !0;\n        t.src = v; s = b.getElementsByTagName(e)[0];\n        s.parentNode.insertBefore(t, s)\n    }(window, document, 'script',\n        'https:\/\/connect.facebook.net\/en_US\/fbevents.js');\n    fbq('init', '522546078623747');\n    fbq('track', 'PageView');\n<\/script><br \/>\n<br \/><br \/>\n<br \/><a href=\"https:\/\/www.agrolink.com.br\/noticias\/mapa-investe-r--21-milhoes-na-recuperacao-da-agropecuaria-gaucha_498288.html\">Source link <\/a><\/p>\n","protected":false},"excerpt":{"rendered":"<p>&#13; Mapa celebra conv\u00eanio de R$ 21 milh\u00f5es para fortalecer a defesa agropecu\u00e1ria no RS&#13; &#13; Agrolink&#13; &#13; &#8211; Seane<\/p>\n","protected":false},"author":1,"featured_media":3218,"comment_status":"open","ping_status":"open","sticky":false,"template":"","format":"standard","meta":{"_monsterinsights_skip_tracking":false,"_monsterinsights_sitenote_active":false,"_monsterinsights_sitenote_note":"","_monsterinsights_sitenote_category":0,"_uf_show_specific_survey":0,"_uf_disable_surveys":false,"footnotes":""},"categories":[8,1,14],"tags":[],"class_list":["post-7772","post","type-post","status-publish","format-standard","has-post-thumbnail","hentry","category-agro","category-news","category-politica-agro"],"_links":{"self":[{"href":"https:\/\/agromt.news\/index.php?rest_route=\/wp\/v2\/posts\/7772"}],"collection":[{"href":"https:\/\/agromt.news\/index.php?rest_route=\/wp\/v2\/posts"}],"about":[{"href":"https:\/\/agromt.news\/index.php?rest_route=\/wp\/v2\/types\/post"}],"author":[{"embeddable":true,"href":"https:\/\/agromt.news\/index.php?rest_route=\/wp\/v2\/users\/1"}],"replies":[{"embeddable":true,"href":"https:\/\/agromt.news\/index.php?rest_route=%2Fwp%2Fv2%2Fcomments&post=7772"}],"version-history":[{"count":0,"href":"https:\/\/agromt.news\/index.php?rest_route=\/wp\/v2\/posts\/7772\/revisions"}],"wp:featuredmedia":[{"embeddable":true,"href":"https:\/\/agromt.news\/index.php?rest_route=\/wp\/v2\/media\/3218"}],"wp:attachment":[{"href":"https:\/\/agromt.news\/index.php?rest_route=%2Fwp%2Fv2%2Fmedia&parent=7772"}],"wp:term":[{"taxonomy":"category","embeddable":true,"href":"https:\/\/agromt.news\/index.php?rest_route=%2Fwp%2Fv2%2Fcategories&post=7772"},{"taxonomy":"post_tag","embeddable":true,"href":"https:\/\/agromt.news\/index.php?rest_route=%2Fwp%2Fv2%2Ftags&post=7772"}],"curies":[{"name":"wp","href":"https:\/\/api.w.org\/{rel}","templated":true}]}}