{"id":7769,"date":"2025-01-10T01:11:28","date_gmt":"2025-01-10T05:11:28","guid":{"rendered":"https:\/\/agromt.news\/?p=7769"},"modified":"2025-01-10T01:11:28","modified_gmt":"2025-01-10T05:11:28","slug":"estiagem-afeta-producao-de-mandioca","status":"publish","type":"post","link":"https:\/\/agromt.news\/?p=7769","title":{"rendered":"Estiagem afeta produ\u00e7\u00e3o de mandioca"},"content":{"rendered":"<p> <br \/>\n<\/p>\n<div>\n<div class=\"row\">\n<div class=\"col-lg col-infos mt-3 mt-lg-0\">\n<div class=\"section-sub-title\">\n<p itemprop=\"description\">&#13;<br \/>\n                                A escassez de \u00e1gua no solo resultou em estresse h\u00eddrico nas plantas&#13;\n                            <\/p>\n<\/p><\/div>\n<div class=\"container\">\n<div class=\"row\">\n<div class=\"col-lg p-0\">\n<div>\n<div class=\"block-news-main-infos mt-3 text-start\">\n<p>                                            <strong class=\"fn\" itemprop=\"author\" style=\"color: rgb(112, 112, 112); \">&#13;<br \/>\n                                                <a href=\"https:\/\/www.agrolink.com.br\/noticias\/javascript:;\" class=\"text-uppercase\" target=\"_blank\" style=\"color: rgb(112, 112, 112); \" rel=\"noopener\">Agrolink<\/a>&#13;<br \/>\n&#13;<br \/>\n                                                    &#8211; Seane Lennon&#13;<br \/>\n&#13;<br \/>\n                                            <\/strong><br \/>\n                                        <\/p>\n<p>                                            <abbr><time datetime=\"2025-01-09T19:01\" itemprop=\"datePublished dateModified\">Publicado em 09\/01\/2025 \u00e0s 19:01h.<\/time><\/abbr><br \/>\n                                            <\/p><\/div>\n<\/p><\/div>\n<\/p><\/div>\n<div class=\"col-lg p-0 text-lg-end\">\n<div>\n<div id=\"mdEnviarPagina\" class=\"modal fade\" role=\"dialog\">\n<div class=\"modal-dialog\">\n<div class=\"modal-content\">\n<div class=\"modal-body\">\n<p><strong>Estimado usu\u00e1rio.<\/strong><br \/>Preencha o formul\u00e1rio abaixo para remeter a p\u00e1gina.<\/p>\n<\/p><\/div>\n<\/p><\/div>\n<\/p><\/div>\n<\/div><\/div>\n<\/p><\/div>\n<\/p><\/div>\n<\/p><\/div>\n<\/p><\/div>\n<\/p><\/div>\n<div class=\"row justify-content-md-center mt-3\">\n<div class=\"col-lg-auto col-image  block-news-main-image d-none d-md-block\">\n<p>                                <img decoding=\"async\" src=\"https:\/\/www.agrolink.com.br\/upload\/imagens-resizes\/db0ebf678a144dc98675901e9e4fce70_858x483.jpg\" class=\"lazyload \"\/><br \/>\n                                                <span class=\"publicity-photo d-block mt-1\">Foto: Canva<\/span><\/p><\/div>\n<\/p><\/div>\n<div class=\"section-description section-description-noticias mt-3\">\n<p style=\"text-align:justify\">De acordo com o Informativo Conjuntural divulgado nesta quinta-feira (9) pela Emater\/RS-Ascar, a seca prolongada na regi\u00e3o administrativa de Santa Rosa, no Rio Grande do Sul, tem impactado diretamente as lavouras de <a href=\"https:\/\/www.agrolink.com.br\/culturas\/mandioca\/?utm_source=agrolink-detalhe-noticia&amp;utm_medium=detalhe-noticia&amp;utm_campaign=links-internos\" target=\"_blank\" rel=\"noopener\">mandioca<\/a>. A escassez de \u00e1gua no solo resultou em estresse h\u00eddrico nas plantas, que apresentam murchamento intenso das folhas ao longo do dia.&#13;\n<\/p>\n<p style=\"text-align:justify\">Em \u00e1reas onde a mandioca foi plantada mais cedo, a colheita j\u00e1 come\u00e7ou. Embora as ra\u00edzes colhidas apresentem menor tamanho, a qualidade interna, com polvilho suficiente, tem garantido boas caracter\u00edsticas de cozimento e sabor.<\/p>\n<p style=\"text-align:justify\">Entretanto, atividades como a capina foram suspensas devido \u00e0 baixa umidade do solo, que dificulta o trabalho mec\u00e2nico e aumenta a evapotranspira\u00e7\u00e3o, prejudicando ainda mais o cultivo. Apesar das adversidades, a cultura de mandioca na regi\u00e3o mant\u00e9m um bom potencial, com produtividade estimada em 16 toneladas por hectare, considerada dentro da m\u00e9dia hist\u00f3rica para o munic\u00edpio.&#13;\n<\/p>\n<p style=\"text-align:justify\">A mandioca est\u00e1 no per\u00edodo de entressafra, e a comercializa\u00e7\u00e3o segue com pre\u00e7o est\u00e1vel, cotado a R$ 6,00 por quilo. A estimativa \u00e9 que os impactos clim\u00e1ticos possam influenciar no abastecimento e, consequentemente, nas cota\u00e7\u00f5es futuras, caso a situa\u00e7\u00e3o de estiagem persista.&#13;\n<\/p>\n<\/p><\/div>\n<\/p><\/div>\n<p><script data-cfasync=\"false\">\n    !function (f, b, e, v, n, t, s) {\n        if (f.fbq) return; n = f.fbq = function () {\n            n.callMethod ?\n                n.callMethod.apply(n, arguments) : n.queue.push(arguments)\n        };\n        if (!f._fbq) f._fbq = n; n.push = n; n.loaded = !0; n.version = '2.0';\n        n.queue = []; t = b.createElement(e); t.async = !0;\n        t.src = v; s = b.getElementsByTagName(e)[0];\n        s.parentNode.insertBefore(t, s)\n    }(window, document, 'script',\n        'https:\/\/connect.facebook.net\/en_US\/fbevents.js');\n    fbq('init', '522546078623747');\n    fbq('track', 'PageView');\n<\/script><br \/>\n<br \/><br \/>\n<br \/><a href=\"https:\/\/www.agrolink.com.br\/noticias\/estiagem-afeta-producao-de-mandioca_498290.html\">Source link <\/a><\/p>\n","protected":false},"excerpt":{"rendered":"<p>&#13; A escassez de \u00e1gua no solo resultou em estresse h\u00eddrico nas plantas&#13; &#13; Agrolink&#13; &#13; &#8211; Seane Lennon&#13; &#13;<\/p>\n","protected":false},"author":1,"featured_media":1382,"comment_status":"open","ping_status":"open","sticky":false,"template":"","format":"standard","meta":{"_monsterinsights_skip_tracking":false,"_monsterinsights_sitenote_active":false,"_monsterinsights_sitenote_note":"","_monsterinsights_sitenote_category":0,"_uf_show_specific_survey":0,"_uf_disable_surveys":false,"footnotes":""},"categories":[8,1,14],"tags":[],"class_list":["post-7769","post","type-post","status-publish","format-standard","has-post-thumbnail","hentry","category-agro","category-news","category-politica-agro"],"_links":{"self":[{"href":"https:\/\/agromt.news\/index.php?rest_route=\/wp\/v2\/posts\/7769"}],"collection":[{"href":"https:\/\/agromt.news\/index.php?rest_route=\/wp\/v2\/posts"}],"about":[{"href":"https:\/\/agromt.news\/index.php?rest_route=\/wp\/v2\/types\/post"}],"author":[{"embeddable":true,"href":"https:\/\/agromt.news\/index.php?rest_route=\/wp\/v2\/users\/1"}],"replies":[{"embeddable":true,"href":"https:\/\/agromt.news\/index.php?rest_route=%2Fwp%2Fv2%2Fcomments&post=7769"}],"version-history":[{"count":0,"href":"https:\/\/agromt.news\/index.php?rest_route=\/wp\/v2\/posts\/7769\/revisions"}],"wp:featuredmedia":[{"embeddable":true,"href":"https:\/\/agromt.news\/index.php?rest_route=\/wp\/v2\/media\/1382"}],"wp:attachment":[{"href":"https:\/\/agromt.news\/index.php?rest_route=%2Fwp%2Fv2%2Fmedia&parent=7769"}],"wp:term":[{"taxonomy":"category","embeddable":true,"href":"https:\/\/agromt.news\/index.php?rest_route=%2Fwp%2Fv2%2Fcategories&post=7769"},{"taxonomy":"post_tag","embeddable":true,"href":"https:\/\/agromt.news\/index.php?rest_route=%2Fwp%2Fv2%2Ftags&post=7769"}],"curies":[{"name":"wp","href":"https:\/\/api.w.org\/{rel}","templated":true}]}}