{"id":7765,"date":"2025-01-09T21:08:38","date_gmt":"2025-01-10T01:08:38","guid":{"rendered":"https:\/\/agromt.news\/?p=7765"},"modified":"2025-01-09T21:08:38","modified_gmt":"2025-01-10T01:08:38","slug":"precos-do-boi-gordo-sobem-no-rio-de-janeiro-e-mato-grosso","status":"publish","type":"post","link":"https:\/\/agromt.news\/?p=7765","title":{"rendered":"Pre\u00e7os do boi gordo sobem no Rio de Janeiro e Mato Grosso"},"content":{"rendered":"<p> <br \/>\n<\/p>\n<div>\n<div class=\"row\">\n<div class=\"col-lg col-infos mt-3 mt-lg-0\">\n<div class=\"section-sub-title\">\n<p itemprop=\"description\">&#13;<br \/>\n                                O mercado pecu\u00e1rio paulista segue ajustando sua din\u00e2mica p\u00f3s-fim de ano&#13;\n                            <\/p>\n<\/p><\/div>\n<div class=\"container\">\n<div class=\"row\">\n<div class=\"col-lg p-0\">\n<div>\n<div class=\"block-news-main-infos mt-3 text-start\">\n<p>                                            <strong class=\"fn\" itemprop=\"author\" style=\"color: rgb(112, 112, 112); \">&#13;<br \/>\n                                                <a href=\"https:\/\/www.agrolink.com.br\/noticias\/javascript:;\" class=\"text-uppercase\" target=\"_blank\" style=\"color: rgb(112, 112, 112); \" rel=\"noopener\">Agrolink<\/a>&#13;<br \/>\n&#13;<br \/>\n                                                    &#8211; Seane Lennon&#13;<br \/>\n&#13;<br \/>\n                                            <\/strong><br \/>\n                                        <\/p>\n<p>                                            <abbr><time datetime=\"2025-01-09T19:13\" itemprop=\"datePublished dateModified\">Publicado em 09\/01\/2025 \u00e0s 19:13h.<\/time><\/abbr><br \/>\n                                            <\/p><\/div>\n<\/p><\/div>\n<\/p><\/div>\n<div class=\"col-lg p-0 text-lg-end\">\n<div>\n<div id=\"mdEnviarPagina\" class=\"modal fade\" role=\"dialog\">\n<div class=\"modal-dialog\">\n<div class=\"modal-content\">\n<div class=\"modal-body\">\n<p><strong>Estimado usu\u00e1rio.<\/strong><br \/>Preencha o formul\u00e1rio abaixo para remeter a p\u00e1gina.<\/p>\n<\/p><\/div>\n<\/p><\/div>\n<\/p><\/div>\n<\/div><\/div>\n<\/p><\/div>\n<\/p><\/div>\n<\/p><\/div>\n<\/p><\/div>\n<\/p><\/div>\n<div class=\"row justify-content-md-center mt-3\">\n<div class=\"col-lg-auto col-image  block-news-main-image d-none d-md-block\">\n<p>                                <img decoding=\"async\" src=\"https:\/\/www.agrolink.com.br\/upload\/imagens-resizes\/04b61f9a782d4e75a310a892cc7c6a43_858x483.jpg\" class=\"lazyload \"\/><br \/>\n                                                <span class=\"publicity-photo d-block mt-1\">Foto: Divulga\u00e7\u00e3o<\/span><\/p><\/div>\n<\/p><\/div>\n<div class=\"section-description section-description-noticias mt-3\">\n<p style=\"text-align:justify\">O informativo &#8220;Tem Boi na Linha&#8221;, da Scot Consultoria, apontou que ap\u00f3s a alta registrada na quarta-feira (8), as cota\u00e7\u00f5es nas pra\u00e7as pecu\u00e1rias de S\u00e3o Paulo permaneceram est\u00e1veis nesta quinta-feira (9). O mercado pecu\u00e1rio paulista segue ajustando sua din\u00e2mica p\u00f3s-fim de ano, com vendedores retornando aos neg\u00f3cios para equilibrar a oferta de bovinos. Apesar disso, compradores ainda relataram baixo volume de ofertas, o que contribuiu para a manuten\u00e7\u00e3o dos pre\u00e7os em todas as categorias.&#13;\n<\/p>\n<p style=\"text-align:justify\">As escalas de abate no estado atendem, em m\u00e9dia, a seis dias.<\/p>\n<p style=\"text-align:justify\">Na regi\u00e3o Norte de Mato Grosso, a oferta de boiadas permaneceu relativamente satisfat\u00f3ria, enquanto a demanda por carne continuou aquecida. Esse cen\u00e1rio impulsionou a cota\u00e7\u00e3o do boi gordo em R$ 3,00\/@ e da vaca em R$ 5,00\/@, mantendo o pre\u00e7o da arroba da novilha est\u00e1vel.&#13;\n<\/p>\n<p style=\"text-align:justify\">J\u00e1 no Sudoeste do estado, houve alta de R$ 5,00\/@ para a vaca e a novilha, enquanto a arroba do boi gordo se manteve inalterada. As escalas de abate alcan\u00e7am, em m\u00e9dia, sete dias no Norte e oito dias no Sudoeste.<\/p>\n<p style=\"text-align:justify\">No estado do Rio de Janeiro, o mercado registrou alta de R$ 5,00\/@ para o boi gordo e para a vaca, com o pre\u00e7o da novilha permanecendo est\u00e1vel. As escalas de abate tamb\u00e9m est\u00e3o, em m\u00e9dia, para sete dias.<\/p>\n<\/p><\/div>\n<\/p><\/div>\n<p><script data-cfasync=\"false\">\n    !function (f, b, e, v, n, t, s) {\n        if (f.fbq) return; n = f.fbq = function () {\n            n.callMethod ?\n                n.callMethod.apply(n, arguments) : n.queue.push(arguments)\n        };\n        if (!f._fbq) f._fbq = n; n.push = n; n.loaded = !0; n.version = '2.0';\n        n.queue = []; t = b.createElement(e); t.async = !0;\n        t.src = v; s = b.getElementsByTagName(e)[0];\n        s.parentNode.insertBefore(t, s)\n    }(window, document, 'script',\n        'https:\/\/connect.facebook.net\/en_US\/fbevents.js');\n    fbq('init', '522546078623747');\n    fbq('track', 'PageView');\n<\/script><br \/>\n<br \/><br \/>\n<br \/><a href=\"https:\/\/www.agrolink.com.br\/noticias\/precos-do-boi-gordo-sobem-no-rio-de-janeiro-e-mato-grosso_498292.html\">Source link <\/a><\/p>\n","protected":false},"excerpt":{"rendered":"<p>&#13; O mercado pecu\u00e1rio paulista segue ajustando sua din\u00e2mica p\u00f3s-fim de ano&#13; &#13; Agrolink&#13; &#13; &#8211; Seane Lennon&#13; &#13; Publicado<\/p>\n","protected":false},"author":1,"featured_media":639,"comment_status":"open","ping_status":"open","sticky":false,"template":"","format":"standard","meta":{"_monsterinsights_skip_tracking":false,"_monsterinsights_sitenote_active":false,"_monsterinsights_sitenote_note":"","_monsterinsights_sitenote_category":0,"_uf_show_specific_survey":0,"_uf_disable_surveys":false,"footnotes":""},"categories":[8,1,14],"tags":[],"class_list":["post-7765","post","type-post","status-publish","format-standard","has-post-thumbnail","hentry","category-agro","category-news","category-politica-agro"],"_links":{"self":[{"href":"https:\/\/agromt.news\/index.php?rest_route=\/wp\/v2\/posts\/7765"}],"collection":[{"href":"https:\/\/agromt.news\/index.php?rest_route=\/wp\/v2\/posts"}],"about":[{"href":"https:\/\/agromt.news\/index.php?rest_route=\/wp\/v2\/types\/post"}],"author":[{"embeddable":true,"href":"https:\/\/agromt.news\/index.php?rest_route=\/wp\/v2\/users\/1"}],"replies":[{"embeddable":true,"href":"https:\/\/agromt.news\/index.php?rest_route=%2Fwp%2Fv2%2Fcomments&post=7765"}],"version-history":[{"count":0,"href":"https:\/\/agromt.news\/index.php?rest_route=\/wp\/v2\/posts\/7765\/revisions"}],"wp:featuredmedia":[{"embeddable":true,"href":"https:\/\/agromt.news\/index.php?rest_route=\/wp\/v2\/media\/639"}],"wp:attachment":[{"href":"https:\/\/agromt.news\/index.php?rest_route=%2Fwp%2Fv2%2Fmedia&parent=7765"}],"wp:term":[{"taxonomy":"category","embeddable":true,"href":"https:\/\/agromt.news\/index.php?rest_route=%2Fwp%2Fv2%2Fcategories&post=7765"},{"taxonomy":"post_tag","embeddable":true,"href":"https:\/\/agromt.news\/index.php?rest_route=%2Fwp%2Fv2%2Ftags&post=7765"}],"curies":[{"name":"wp","href":"https:\/\/api.w.org\/{rel}","templated":true}]}}