{"id":7763,"date":"2025-01-09T19:45:43","date_gmt":"2025-01-09T23:45:43","guid":{"rendered":"https:\/\/agromt.news\/?p=7763"},"modified":"2025-01-09T19:45:43","modified_gmt":"2025-01-09T23:45:43","slug":"parana-inicia-plantio-da-2a-safra-em-area-de-256-mi-de-hectares","status":"publish","type":"post","link":"https:\/\/agromt.news\/?p=7763","title":{"rendered":"Paran\u00e1 inicia plantio da 2\u00aa safra em \u00e1rea de 2,56 mi de hectares"},"content":{"rendered":"<p> <br \/>\n<br \/><img decoding=\"async\" src=\"https:\/\/agromt.news\/wp-content\/uploads\/2025\/01\/Parana-inicia-plantio-da-2a-safra-em-area-de-256.jpg\" \/><\/p>\n<div>\n<p>O plantio da segunda safra de milho j\u00e1 come\u00e7ou no Paran\u00e1. A previs\u00e3o de \u00e1rea \u00e9 de 2,564 milh\u00f5es de hectares, segundo o Departamento de Economia Rural <strong><a href=\"http:\/\/www.canalrural.com.br\/tag\/deral\/\">(Deral)<\/a><\/strong> da Secretaria de Agricultura do estado. O plantio atinge menos de 1% da \u00e1rea projetada. <\/p>\n<p>De acordo com o Deral, o ritmo lento dos trabalhos \u00e9 normal para o per\u00edodo e est\u00e1 atrelado principalmente \u00e0 colheita da <strong><a href=\"https:\/\/www.canalrural.com.br\/agricultura\/projeto-soja-brasil\/\">soja<\/a><\/strong>, que ocupa 5,7 milh\u00f5es de hectares (93% da \u00e1rea total da primeira safra de gr\u00e3os) e teve menos de 1% das lavouras colhido at\u00e9 agora. <\/p>\n<p>\u201cO plantio (de milho) s\u00f3 deve come\u00e7ar a evoluir mais rapidamente quando a colheita da soja tomar corpo\u201d, diz o Deral. <\/p>\n<\/div>\n<div>\n<p>O avan\u00e7o tamb\u00e9m \u00e9 limitado pelo clima. \u201cApesar das boas chuvas registradas at\u00e9 dezembro, 2025 come\u00e7ou quente e apenas com chuvas esparsas\u201d, destaca o engenheiro agr\u00f4nomo Carlos Hugo W. Godinho, do Deral, em nota. <\/p>\n<h2 class=\"wp-block-heading\" id=\"h-safra-de-milho-atrasada-em-relacao-a-anterior\">Safra de milho atrasada em rela\u00e7\u00e3o \u00e0 anterior<\/h2>\n<p>Em compara\u00e7\u00e3o com o ciclo anterior, a safra atual est\u00e1 mais atrasada. O relat\u00f3rio aponta que 12% das lavouras de soja est\u00e3o em matura\u00e7\u00e3o, 4 pontos porcentuais abaixo dos 16% registrados no mesmo per\u00edodo do ano passado, \u201cindicando que a colheita deve ser um pouco mais lenta que no ciclo anterior\u201d. <\/p>\n<p>No caso do <strong>feij\u00e3o segunda safra<\/strong>, que deve ocupar 381 mil hectares, o plantio atinge 6% da \u00e1rea prevista. Somadas, as \u00e1reas de milho e feij\u00e3o segunda safra j\u00e1 semeadas representam mais de 32 mil hectares, ante 6,2 milh\u00f5es de hectares ocupados pelas culturas na primeira safra.<\/p>\n<\/p><\/div>\n<p><br \/>\n<br \/><a href=\"https:\/\/www.canalrural.com.br\/agricultura\/milho-parana-inicia-plantio-da-2a-safra-em-area-de-256-mi-de-hectares\/\">Source link <\/a><\/p>\n","protected":false},"excerpt":{"rendered":"<p>O plantio da segunda safra de milho j\u00e1 come\u00e7ou no Paran\u00e1. A previs\u00e3o de \u00e1rea \u00e9 de 2,564 milh\u00f5es de<\/p>\n","protected":false},"author":1,"featured_media":7764,"comment_status":"open","ping_status":"open","sticky":false,"template":"","format":"standard","meta":{"_monsterinsights_skip_tracking":false,"_monsterinsights_sitenote_active":false,"_monsterinsights_sitenote_note":"","_monsterinsights_sitenote_category":0,"_uf_show_specific_survey":0,"_uf_disable_surveys":false,"footnotes":""},"categories":[1],"tags":[],"class_list":["post-7763","post","type-post","status-publish","format-standard","has-post-thumbnail","hentry","category-news"],"_links":{"self":[{"href":"https:\/\/agromt.news\/index.php?rest_route=\/wp\/v2\/posts\/7763"}],"collection":[{"href":"https:\/\/agromt.news\/index.php?rest_route=\/wp\/v2\/posts"}],"about":[{"href":"https:\/\/agromt.news\/index.php?rest_route=\/wp\/v2\/types\/post"}],"author":[{"embeddable":true,"href":"https:\/\/agromt.news\/index.php?rest_route=\/wp\/v2\/users\/1"}],"replies":[{"embeddable":true,"href":"https:\/\/agromt.news\/index.php?rest_route=%2Fwp%2Fv2%2Fcomments&post=7763"}],"version-history":[{"count":0,"href":"https:\/\/agromt.news\/index.php?rest_route=\/wp\/v2\/posts\/7763\/revisions"}],"wp:featuredmedia":[{"embeddable":true,"href":"https:\/\/agromt.news\/index.php?rest_route=\/wp\/v2\/media\/7764"}],"wp:attachment":[{"href":"https:\/\/agromt.news\/index.php?rest_route=%2Fwp%2Fv2%2Fmedia&parent=7763"}],"wp:term":[{"taxonomy":"category","embeddable":true,"href":"https:\/\/agromt.news\/index.php?rest_route=%2Fwp%2Fv2%2Fcategories&post=7763"},{"taxonomy":"post_tag","embeddable":true,"href":"https:\/\/agromt.news\/index.php?rest_route=%2Fwp%2Fv2%2Ftags&post=7763"}],"curies":[{"name":"wp","href":"https:\/\/api.w.org\/{rel}","templated":true}]}}