{"id":7672,"date":"2025-01-08T07:42:29","date_gmt":"2025-01-08T11:42:29","guid":{"rendered":"https:\/\/agromt.news\/?p=7672"},"modified":"2025-01-08T07:42:29","modified_gmt":"2025-01-08T11:42:29","slug":"doencas-que-ameacam-o-cafe","status":"publish","type":"post","link":"https:\/\/agromt.news\/?p=7672","title":{"rendered":"doen\u00e7as que amea\u00e7am o caf\u00e9"},"content":{"rendered":"<p> <br \/>\n<\/p>\n<div>\n<div class=\"row\">\n<div class=\"col-lg col-infos mt-3 mt-lg-0\">\n<div class=\"section-sub-title\">\n<p itemprop=\"description\">&#13;<br \/>\n                                Clima e doen\u00e7as impactam a produ\u00e7\u00e3o de caf\u00e9&#13;\n                            <\/p>\n<\/p><\/div>\n<div class=\"container\">\n<div class=\"row\">\n<div class=\"col-lg p-0 text-lg-end\">\n<div>\n<div id=\"mdEnviarPagina\" class=\"modal fade\" role=\"dialog\">\n<div class=\"modal-dialog\">\n<div class=\"modal-content\">\n<div class=\"modal-body\">\n<p><strong>Estimado usu\u00e1rio.<\/strong><br \/>Preencha o formul\u00e1rio abaixo para remeter a p\u00e1gina.<\/p>\n<\/p><\/div>\n<\/p><\/div>\n<\/p><\/div>\n<\/div><\/div>\n<\/p><\/div>\n<\/p><\/div>\n<\/p><\/div>\n<\/p><\/div>\n<\/p><\/div>\n<div class=\"row justify-content-md-center mt-3\">\n<div class=\"col-lg-auto col-image  block-news-main-image d-none d-md-block\">\n<p>                                <img decoding=\"async\" src=\"https:\/\/www.agrolink.com.br\/upload\/imagens-resizes\/136d7afd37f64c7cbf8518eb0165bb12_858x483.jpg\" class=\"lazyload \"\/><br \/>\n                                                <span class=\"publicity-photo d-block mt-1\">Foto: Pixabay<\/span><\/p><\/div>\n<\/p><\/div>\n<div class=\"section-description section-description-noticias mt-3\">\n<p style=\"text-align:justify\">As mudan\u00e7as clim\u00e1ticas t\u00eam se tornado um desafio crescente para a produ\u00e7\u00e3o de <a href=\"https:\/\/www.agrolink.com.br\/culturas\/cafe\/?utm_source=agrolink-detalhe-noticia&amp;utm_medium=detalhe-noticia&amp;utm_campaign=links-internos\" target=\"_blank\" rel=\"noopener\">caf\u00e9<\/a>, trazendo impactos significativos no ciclo produtivo da cultura. Segundo informa\u00e7\u00f5es publicadas no Blog da Aegro, o aumento das temperaturas m\u00e9dias, a ocorr\u00eancia de secas prolongadas e chuvas fora de \u00e9poca t\u00eam transformado a din\u00e2mica das lavouras cafeeiras, alterando a produtividade e a viabilidade de cultivo em diversas regi\u00f5es.&#13;\n<\/p>\n<p style=\"text-align:justify\">De acordo com informa\u00e7\u00f5es divulgadas, tradicionalmente, regi\u00f5es como Minas Gerais e S\u00e3o Paulo lideram a produ\u00e7\u00e3o cafeeira no Brasil. No entanto, a eleva\u00e7\u00e3o das temperaturas e o desequil\u00edbrio h\u00eddrico t\u00eam dificultado a manuten\u00e7\u00e3o dos padr\u00f5es de cultivo nessas \u00e1reas, ao passo que zonas menos tradicionais come\u00e7am a despontar como alternativas vi\u00e1veis.&#13;\n<\/p>\n<p style=\"text-align:justify\">Para mitigar os preju\u00edzos, produtores est\u00e3o apostando em tecnologias de irriga\u00e7\u00e3o, manejo de sombra e no cultivo de variedades mais resistentes \u00e0s novas condi\u00e7\u00f5es clim\u00e1ticas, estrat\u00e9gias que buscam assegurar a sustentabilidade da produ\u00e7\u00e3o.<\/p>\n<p style=\"text-align:justify\">Al\u00e9m das quest\u00f5es clim\u00e1ticas, a produ\u00e7\u00e3o de caf\u00e9 enfrenta desafios fitossanit\u00e1rios recorrentes. Entre as principais doen\u00e7as est\u00e3o:<\/p>\n<ul>&#13;<\/p>\n<li style=\"text-align: justify;\">Ferrugem do caf\u00e9 (Hemileia vastatrix): Afeta severamente a produtividade ao provocar a queda prematura das folhas;<\/li>\n<p>&#13;<\/p>\n<li style=\"text-align: justify;\">Cercosporiose (Cercospora coffeicola): Danifica os frutos, comprometendo a qualidade dos gr\u00e3os;<\/li>\n<p>&#13;<\/p>\n<li style=\"text-align: justify;\">Podrid\u00e3o radicular: Agravada por solos encharcados, prejudica o sistema radicular da planta.<\/li>\n<p>&#13;<br \/>\n&#13;<br \/>\n&#13;\n<\/ul>\n<p style=\"text-align:justify\">O manejo preventivo com variedades resistentes, monitoramento constante e pr\u00e1ticas culturais adequadas s\u00e3o indispens\u00e1veis para conter os danos e garantir a qualidade do produto final.<\/p>\n<\/p><\/div>\n<\/p><\/div>\n<p><script data-cfasync=\"false\">\n    !function (f, b, e, v, n, t, s) {\n        if (f.fbq) return; n = f.fbq = function () {\n            n.callMethod ?\n                n.callMethod.apply(n, arguments) : n.queue.push(arguments)\n        };\n        if (!f._fbq) f._fbq = n; n.push = n; n.loaded = !0; n.version = '2.0';\n        n.queue = []; t = b.createElement(e); t.async = !0;\n        t.src = v; s = b.getElementsByTagName(e)[0];\n        s.parentNode.insertBefore(t, s)\n    }(window, document, 'script',\n        'https:\/\/connect.facebook.net\/en_US\/fbevents.js');\n    fbq('init', '522546078623747');\n    fbq('track', 'PageView');\n<\/script><br \/>\n<br \/><br \/>\n<br \/><a href=\"https:\/\/www.agrolink.com.br\/noticias\/ferrugem-e-cercosporiose--doencas-que-ameacam-o-cafe_498212.html\">Source link <\/a><\/p>\n","protected":false},"excerpt":{"rendered":"<p>&#13; Clima e doen\u00e7as impactam a produ\u00e7\u00e3o de caf\u00e9&#13; Estimado usu\u00e1rio.Preencha o formul\u00e1rio abaixo para remeter a p\u00e1gina. Foto: Pixabay<\/p>\n","protected":false},"author":1,"featured_media":7673,"comment_status":"open","ping_status":"open","sticky":false,"template":"","format":"standard","meta":{"_monsterinsights_skip_tracking":false,"_monsterinsights_sitenote_active":false,"_monsterinsights_sitenote_note":"","_monsterinsights_sitenote_category":0,"_uf_show_specific_survey":0,"_uf_disable_surveys":false,"footnotes":""},"categories":[8,1,14],"tags":[],"class_list":["post-7672","post","type-post","status-publish","format-standard","has-post-thumbnail","hentry","category-agro","category-news","category-politica-agro"],"_links":{"self":[{"href":"https:\/\/agromt.news\/index.php?rest_route=\/wp\/v2\/posts\/7672"}],"collection":[{"href":"https:\/\/agromt.news\/index.php?rest_route=\/wp\/v2\/posts"}],"about":[{"href":"https:\/\/agromt.news\/index.php?rest_route=\/wp\/v2\/types\/post"}],"author":[{"embeddable":true,"href":"https:\/\/agromt.news\/index.php?rest_route=\/wp\/v2\/users\/1"}],"replies":[{"embeddable":true,"href":"https:\/\/agromt.news\/index.php?rest_route=%2Fwp%2Fv2%2Fcomments&post=7672"}],"version-history":[{"count":0,"href":"https:\/\/agromt.news\/index.php?rest_route=\/wp\/v2\/posts\/7672\/revisions"}],"wp:featuredmedia":[{"embeddable":true,"href":"https:\/\/agromt.news\/index.php?rest_route=\/wp\/v2\/media\/7673"}],"wp:attachment":[{"href":"https:\/\/agromt.news\/index.php?rest_route=%2Fwp%2Fv2%2Fmedia&parent=7672"}],"wp:term":[{"taxonomy":"category","embeddable":true,"href":"https:\/\/agromt.news\/index.php?rest_route=%2Fwp%2Fv2%2Fcategories&post=7672"},{"taxonomy":"post_tag","embeddable":true,"href":"https:\/\/agromt.news\/index.php?rest_route=%2Fwp%2Fv2%2Ftags&post=7672"}],"curies":[{"name":"wp","href":"https:\/\/api.w.org\/{rel}","templated":true}]}}