{"id":7668,"date":"2025-01-08T07:11:28","date_gmt":"2025-01-08T11:11:28","guid":{"rendered":"https:\/\/agromt.news\/?p=7668"},"modified":"2025-01-08T07:11:28","modified_gmt":"2025-01-08T11:11:28","slug":"agrofloresta-transforma-negocio-de-pequeno-produtor-rural","status":"publish","type":"post","link":"https:\/\/agromt.news\/?p=7668","title":{"rendered":"Agrofloresta transforma neg\u00f3cio de pequeno produtor rural"},"content":{"rendered":"<p> <br \/>\n<br \/><img decoding=\"async\" src=\"https:\/\/agromt.news\/wp-content\/uploads\/2025\/01\/Agrofloresta-transforma-negocio-de-pequeno-produtor-rural.webp.webp\" \/><\/p>\n<div>\n<p>A integra\u00e7\u00e3o da floresta com a agricultura t\u00eam permitido recuperar solos em \u00e1reas degradadas, preservando o ecossistema, enquanto produzem alimentos.\u00a0<\/p>\n<p>Esse \u00e9 o caso do pequeno produtor agr\u00edcola, Jos\u00e9 Cunha que produz frutas e hortali\u00e7as org\u00e2nicas em sua propriedade, no munic\u00edpio de Moju\u00ed dos Campos (PA). <\/p>\n<p>O empreendedor divide a gest\u00e3o com sua esposa, Elizabete Ramos, que atua na parte financeira do neg\u00f3cio.<\/p>\n<p>O casal tem recebido visitas do Sebrae para implementar iniciativas de apoio ao desenvolvimento setorial, a fim de potencializar neg\u00f3cios conectados com a bioeconomia. <\/p>\n<p>O objetivo \u00e9 inseri-los na rota da Confer\u00eancia das Na\u00e7\u00f5es Unidas sobre as Mudan\u00e7as Clim\u00e1ticas de 2025 (<a href=\"https:\/\/www.canalrural.com.br\/empreendedorismo\/bndes-e-bid-oferecem-r-54bi-em-credito-para-pequenos-negocios-na-amazonia\/\">COP 30<\/a>) que acontece em novembro, na cidade de Bel\u00e9m (PA).<\/p>\n<p>Cunha evidencia sua paix\u00e3o pela agricultura sustent\u00e1vel, por meio do sistema agroflorestal. O produtor contou que h\u00e1 dez anos a \u00e1rea estava improdutiva ap\u00f3s pr\u00e1ticas de queimadas no local.\u00a0<\/p>\n<p>\u201cCom muito trabalho, eu recuperei todo esse terreno investindo em mat\u00e9ria org\u00e2nica, usando sistema de tecnologia de reprodu\u00e7\u00e3o do solo, compostagem e produtos biol\u00f3gicos obtidos da pr\u00f3pria natureza. E hoje, posso dizer com muito orgulho que temos um solo f\u00e9rtil onde tudo que plantamos tem resultado\u201d, disse Jos\u00e9 Cunha.<\/p>\n<p>Cunha protege e enriquece o solo garantindo que diferentes esp\u00e9cies agr\u00edcolas trabalhem juntas. <\/p>\n<\/div>\n<div>\n<p>Em seu cultivo, por exemplo, bananeiras est\u00e3o ao lado dos jerimuns (nome dado \u00e0 ab\u00f3bora moranga no norte e nordeste do Brasil), que por sua vez, s\u00e3o vizinhos de jatob\u00e1s, cumarus, goiabeiras, cebolinhas, coentros, entre outros.<\/p>\n<p>O produtor cultiva ainda o a\u00e7a\u00ed, com tecnologia de melhoramento gen\u00e9tico da Embrapa, que permite que o fruto cres\u00e7a em galhos baixos facilitando a colheita.<\/p>\n<h2 class=\"wp-block-heading\" id=\"h-historico-de-sucesso\"><strong>Hist\u00f3rico de sucesso<\/strong><\/h2>\n<p>Em 2005, Cunha foi beneficiado pelo Programa de Produ\u00e7\u00e3o Agroecol\u00f3gica Integrada e Sustent\u00e1vel (PAIS), iniciativa apoiada pelo Sebrae que alia cria\u00e7\u00e3o de animais \u00e0 produ\u00e7\u00e3o agroecol\u00f3gica com t\u00e9cnicas sustent\u00e1veis e de preserva\u00e7\u00e3o ambiental.<\/p>\n<p>E a parceria n\u00e3o ficou por a\u00ed. Durante um per\u00edodo, morou em Macap\u00e1 (AP), e junto com o Sebrae ajudou a modificar o setor de produ\u00e7\u00e3o do estado onde chegou a ser coordenador do Cintur\u00e3o Verde aumentando a capacidade de produ\u00e7\u00e3o do estado de quatro para vinte hortali\u00e7as.<\/p>\n<p>Em Santar\u00e9m, a colabora\u00e7\u00e3o com o Sebrae ajudou a impulsionar a Associa\u00e7\u00e3o Tapaj\u00f3s Org\u00e2nicos, que \u00e9 um Organismo Participativo de Avalia\u00e7\u00e3o da Conformidade Org\u00e2nica (OPAC). <\/p>\n<p>Cunha \u00e9 coordenador e trabalha com 23 produtores da regi\u00e3o que vendem os produtos em duas feiras de org\u00e2nicos de Santar\u00e9m (PA) e tamb\u00e9m para a merenda escolar por meio do Programa Nacional de Alimenta\u00e7\u00e3o Escolar (PNAE).<\/p>\n<p>\u201cO Sebrae sempre foi meu parceiro e eu quero continuar essa parceria para potencializar os org\u00e2nicos. N\u00f3s que somos peda\u00e7o da Amaz\u00f4nia temos que defender esta ideia, pois o org\u00e2nico no Brasil \u00e9 na base da resist\u00eancia e eu trabalho porque amo a agricultura e quero produzir sem agredir a natureza\u201d, afirmou Jos\u00e9 Cunha.<\/p>\n<p>Com informa\u00e7\u00f5es da <a href=\"https:\/\/agenciasebrae.com.br\/cultura-empreendedora\/na-amazonia-produtor-e-ceramista-reforcam-parceria-com-o-sebrae-para-impulsionar-seus-negocios-de-preservacao\/\">Ag\u00eancia Sebrae de Not\u00edcias<\/a><\/p>\n<\/p><\/div>\n<p><br \/>\n<br \/><a href=\"https:\/\/www.canalrural.com.br\/empreendedorismo\/agrofloresta-transforma-negocio-de-pequeno-produtor-rural\/\">Source link <\/a><\/p>\n","protected":false},"excerpt":{"rendered":"<p>A integra\u00e7\u00e3o da floresta com a agricultura t\u00eam permitido recuperar solos em \u00e1reas degradadas, preservando o ecossistema, enquanto produzem alimentos.\u00a0<\/p>\n","protected":false},"author":1,"featured_media":7669,"comment_status":"open","ping_status":"open","sticky":false,"template":"","format":"standard","meta":{"_monsterinsights_skip_tracking":false,"_monsterinsights_sitenote_active":false,"_monsterinsights_sitenote_note":"","_monsterinsights_sitenote_category":0,"_uf_show_specific_survey":0,"_uf_disable_surveys":false,"footnotes":""},"categories":[1],"tags":[],"class_list":["post-7668","post","type-post","status-publish","format-standard","has-post-thumbnail","hentry","category-news"],"_links":{"self":[{"href":"https:\/\/agromt.news\/index.php?rest_route=\/wp\/v2\/posts\/7668"}],"collection":[{"href":"https:\/\/agromt.news\/index.php?rest_route=\/wp\/v2\/posts"}],"about":[{"href":"https:\/\/agromt.news\/index.php?rest_route=\/wp\/v2\/types\/post"}],"author":[{"embeddable":true,"href":"https:\/\/agromt.news\/index.php?rest_route=\/wp\/v2\/users\/1"}],"replies":[{"embeddable":true,"href":"https:\/\/agromt.news\/index.php?rest_route=%2Fwp%2Fv2%2Fcomments&post=7668"}],"version-history":[{"count":0,"href":"https:\/\/agromt.news\/index.php?rest_route=\/wp\/v2\/posts\/7668\/revisions"}],"wp:featuredmedia":[{"embeddable":true,"href":"https:\/\/agromt.news\/index.php?rest_route=\/wp\/v2\/media\/7669"}],"wp:attachment":[{"href":"https:\/\/agromt.news\/index.php?rest_route=%2Fwp%2Fv2%2Fmedia&parent=7668"}],"wp:term":[{"taxonomy":"category","embeddable":true,"href":"https:\/\/agromt.news\/index.php?rest_route=%2Fwp%2Fv2%2Fcategories&post=7668"},{"taxonomy":"post_tag","embeddable":true,"href":"https:\/\/agromt.news\/index.php?rest_route=%2Fwp%2Fv2%2Ftags&post=7668"}],"curies":[{"name":"wp","href":"https:\/\/api.w.org\/{rel}","templated":true}]}}