{"id":7667,"date":"2025-01-08T05:38:01","date_gmt":"2025-01-08T09:38:01","guid":{"rendered":"https:\/\/agromt.news\/?p=7667"},"modified":"2025-01-08T05:38:01","modified_gmt":"2025-01-08T09:38:01","slug":"cuidados-essenciais-para-preservacao-da-qualidade-dos-graos","status":"publish","type":"post","link":"https:\/\/agromt.news\/?p=7667","title":{"rendered":"Cuidados essenciais para preserva\u00e7\u00e3o da qualidade dos gr\u00e3os"},"content":{"rendered":"<p> <br \/>\n<\/p>\n<div>\n<div class=\"row\">\n<div class=\"col-lg col-infos mt-3 mt-lg-0\">\n<div class=\"section-sub-title\">\n<p itemprop=\"description\">&#13;<br \/>\n                                A qualidade ap\u00f3s a colheita depende das etapas de limpeza, secagem e armazenamento&#13;\n                            <\/p>\n<\/p><\/div>\n<div class=\"container\">\n<div class=\"row\">\n<div class=\"col-lg p-0 text-lg-end\">\n<div>\n<div id=\"mdEnviarPagina\" class=\"modal fade\" role=\"dialog\">\n<div class=\"modal-dialog\">\n<div class=\"modal-content\">\n<div class=\"modal-body\">\n<p><strong>Estimado usu\u00e1rio.<\/strong><br \/>Preencha o formul\u00e1rio abaixo para remeter a p\u00e1gina.<\/p>\n<\/p><\/div>\n<\/p><\/div>\n<\/p><\/div>\n<\/div><\/div>\n<\/p><\/div>\n<\/p><\/div>\n<\/p><\/div>\n<\/p><\/div>\n<\/p><\/div>\n<div class=\"row justify-content-md-center mt-3\">\n<div class=\"col-lg-auto col-image  block-news-main-image d-none d-md-block\">\n<p>                                <img decoding=\"async\" src=\"https:\/\/www.agrolink.com.br\/upload\/imagens-resizes\/aa6c2b8a42f0458db4ed06fb960fb3db_858x483.jpg\" class=\"lazyload \"\/><br \/>\n                                                <span class=\"publicity-photo d-block mt-1\">Foto: Seane Lennon<\/span><\/p><\/div>\n<\/p><\/div>\n<div class=\"section-description section-description-noticias mt-3\">\n<p style=\"text-align:justify\">A qualidade do <a href=\"https:\/\/www.agrolink.com.br\/culturas\/trigo\/?utm_source=agrolink-detalhe-noticia&amp;utm_medium=detalhe-noticia&amp;utm_campaign=links-internos\" target=\"_blank\" rel=\"noopener\">trigo<\/a> ap\u00f3s a colheita depende diretamente das etapas de limpeza, secagem e armazenamento. Conforme destacado em publica\u00e7\u00e3o no Blog da Aegro, pr\u00e1ticas inadequadas nessas opera\u00e7\u00f5es podem comprometer o valor comercial e a conserva\u00e7\u00e3o dos gr\u00e3os. A limpeza dos gr\u00e3os \u00e9 uma etapa crucial e geralmente melhora a qualidade do lote ao remover sujidades, gr\u00e3os chochos e materiais estranhos, como pedras e restos culturais. Ap\u00f3s essa etapa, a pr\u00e9-limpeza com ar e peneiras prepara os gr\u00e3os para a secagem, otimizando o processo subsequente.&#13;\n<\/p>\n<p style=\"text-align:justify\"><strong>Secagem com Ar Aquecido<\/strong><\/p>\n<p style=\"text-align:justify\">Esse m\u00e9todo \u00e9 amplamente utilizado, mas exige aten\u00e7\u00e3o \u00e0 temperatura do ar, que varia conforme o tipo de secador e o teor de \u00e1gua inicial dos gr\u00e3os:<\/p>\n<ul>&#13;<\/p>\n<li style=\"text-align: justify;\">Temperatura recomendada: At\u00e9 60 ? para preservar a qualidade tecnol\u00f3gica.<\/li>\n<p>&#13;<\/p>\n<li style=\"text-align: justify;\">Secadores estacion\u00e1rios: Temperaturas mais baixas (45 ? a 50 ?) evitam superaquecimento.<\/li>\n<p>&#13;<\/p>\n<li style=\"text-align: justify;\">Secadores intermitentes: Podem operar com temperaturas pr\u00f3ximas a 70 ?, pois os gr\u00e3os n\u00e3o ficam expostos continuamente.<\/li>\n<p>&#13;<\/p>\n<li style=\"text-align: justify;\">A secagem brusca pode causar fissuras, reduzindo a qualidade e o potencial de conserva\u00e7\u00e3o.<\/li>\n<p>&#13;<br \/>\n&#13;<br \/>\n&#13;\n<\/ul>\n<p style=\"text-align:justify\"><strong>Secagem com Ar Natural<\/strong><br \/>&#13;<br \/>\nMais econ\u00f4mica, essa t\u00e9cnica utiliza silos-secadores sem aquecimento. Contudo, \u00e9 indicada para regi\u00f5es com clima seco, devido \u00e0 maior demora no processo, que pode levar \u00e0 deteriora\u00e7\u00e3o dos gr\u00e3os em \u00e1reas de alta umidade relativa.&#13;\n<\/p>\n<p style=\"text-align:justify\"><strong>Cuidados no Armazenamento<\/strong><br \/>&#13;<br \/>\nNo armazenamento, dois fatores s\u00e3o cr\u00edticos: o teor de \u00e1gua e a temperatura da massa de gr\u00e3os.<\/p>\n<p style=\"text-align:justify\">Teor de \u00e1gua: Deve ser inferior a 13%.<br \/>&#13;<br \/>\nTemperatura: Recomendada em torno de 18 ?.<\/p>\n<p style=\"text-align:justify\">O uso de termopares para monitoramento da temperatura e a aplica\u00e7\u00e3o de ventiladores para aera\u00e7\u00e3o s\u00e3o pr\u00e1ticas essenciais para evitar a deteriora\u00e7\u00e3o.<\/p>\n<\/p><\/div>\n<\/p><\/div>\n<p><script data-cfasync=\"false\">\n    !function (f, b, e, v, n, t, s) {\n        if (f.fbq) return; n = f.fbq = function () {\n            n.callMethod ?\n                n.callMethod.apply(n, arguments) : n.queue.push(arguments)\n        };\n        if (!f._fbq) f._fbq = n; n.push = n; n.loaded = !0; n.version = '2.0';\n        n.queue = []; t = b.createElement(e); t.async = !0;\n        t.src = v; s = b.getElementsByTagName(e)[0];\n        s.parentNode.insertBefore(t, s)\n    }(window, document, 'script',\n        'https:\/\/connect.facebook.net\/en_US\/fbevents.js');\n    fbq('init', '522546078623747');\n    fbq('track', 'PageView');\n<\/script><br \/>\n<br \/><br \/>\n<br \/><a href=\"https:\/\/www.agrolink.com.br\/noticias\/cuidados-essenciais-para-preservacao-da-qualidade-dos-graos_498213.html\">Source link <\/a><\/p>\n","protected":false},"excerpt":{"rendered":"<p>&#13; A qualidade ap\u00f3s a colheita depende das etapas de limpeza, secagem e armazenamento&#13; Estimado usu\u00e1rio.Preencha o formul\u00e1rio abaixo para<\/p>\n","protected":false},"author":1,"featured_media":4716,"comment_status":"open","ping_status":"open","sticky":false,"template":"","format":"standard","meta":{"_monsterinsights_skip_tracking":false,"_monsterinsights_sitenote_active":false,"_monsterinsights_sitenote_note":"","_monsterinsights_sitenote_category":0,"_uf_show_specific_survey":0,"_uf_disable_surveys":false,"footnotes":""},"categories":[8,1,14],"tags":[],"class_list":["post-7667","post","type-post","status-publish","format-standard","has-post-thumbnail","hentry","category-agro","category-news","category-politica-agro"],"_links":{"self":[{"href":"https:\/\/agromt.news\/index.php?rest_route=\/wp\/v2\/posts\/7667"}],"collection":[{"href":"https:\/\/agromt.news\/index.php?rest_route=\/wp\/v2\/posts"}],"about":[{"href":"https:\/\/agromt.news\/index.php?rest_route=\/wp\/v2\/types\/post"}],"author":[{"embeddable":true,"href":"https:\/\/agromt.news\/index.php?rest_route=\/wp\/v2\/users\/1"}],"replies":[{"embeddable":true,"href":"https:\/\/agromt.news\/index.php?rest_route=%2Fwp%2Fv2%2Fcomments&post=7667"}],"version-history":[{"count":0,"href":"https:\/\/agromt.news\/index.php?rest_route=\/wp\/v2\/posts\/7667\/revisions"}],"wp:featuredmedia":[{"embeddable":true,"href":"https:\/\/agromt.news\/index.php?rest_route=\/wp\/v2\/media\/4716"}],"wp:attachment":[{"href":"https:\/\/agromt.news\/index.php?rest_route=%2Fwp%2Fv2%2Fmedia&parent=7667"}],"wp:term":[{"taxonomy":"category","embeddable":true,"href":"https:\/\/agromt.news\/index.php?rest_route=%2Fwp%2Fv2%2Fcategories&post=7667"},{"taxonomy":"post_tag","embeddable":true,"href":"https:\/\/agromt.news\/index.php?rest_route=%2Fwp%2Fv2%2Ftags&post=7667"}],"curies":[{"name":"wp","href":"https:\/\/api.w.org\/{rel}","templated":true}]}}