{"id":7661,"date":"2025-01-07T21:34:57","date_gmt":"2025-01-08T01:34:57","guid":{"rendered":"https:\/\/agromt.news\/?p=7661"},"modified":"2025-01-07T21:34:57","modified_gmt":"2025-01-08T01:34:57","slug":"mercado-do-boi-gordo-inicia-ano-com-pouca-movimentacao","status":"publish","type":"post","link":"https:\/\/agromt.news\/?p=7661","title":{"rendered":"Mercado do boi gordo inicia ano com pouca movimenta\u00e7\u00e3o"},"content":{"rendered":"<p> <br \/>\n<\/p>\n<div>\n<p style=\"text-align:justify\">O informativo &#8220;Tem Boi na Linha&#8221;, da Scot Consultoria, apontou que nesta ter\u00e7a-feira, o mercado de boi gordo iniciou o dia com fraca movimenta\u00e7\u00e3o, reflexo dos feriados de final de ano. Poucos agentes est\u00e3o em atividade, e a expectativa \u00e9 de que o ritmo lento se mantenha at\u00e9 o final do dia.&#13;\n<\/p>\n<p style=\"text-align:justify\">A oferta de boiadas segue limitada, com predomin\u00e2ncia de gado de menor acabamento. O cen\u00e1rio reflete em estabilidade nas cota\u00e7\u00f5es. As escalas de abate permanecem curtas, com m\u00e9dia de seis dias, enquanto o escoamento de carne ainda n\u00e3o retomou o ritmo normal esperado para o in\u00edcio do ano.<\/p>\n<p style=\"text-align:justify\">No estado de Tocantins, a oferta de boiadas apresentou melhora, resultando em escalas de abate mais alongadas, com m\u00e9dia de nove dias. Apesar disso, pecuaristas t\u00eam pressionado por melhores pre\u00e7os, impulsionados pela melhoria das pastagens.<\/p>\n<p style=\"text-align:justify\">Na regi\u00e3o Sul do estado, as cota\u00e7\u00f5es permaneceram est\u00e1veis em rela\u00e7\u00e3o ao dia anterior, enquanto a regi\u00e3o Norte registrou alta de R$3,00 por arroba.<\/p>\n<p style=\"text-align:justify\">O volume de carne bovina in natura exportado em dezembro de 2024 totalizou 202,6 mil toneladas, com m\u00e9dia di\u00e1ria de 9,6 mil toneladas. Embora tenha havido uma queda de 2,8% no volume exportado em compara\u00e7\u00e3o ao mesmo per\u00edodo de 2023, o pre\u00e7o m\u00e9dio da tonelada subiu 8,9%, alcan\u00e7ando US$4,9 mil.&#13;\n<\/p>\n<p style=\"text-align:justify\">O faturamento m\u00e9dio di\u00e1rio foi de US$47,8 milh\u00f5es, representando um aumento de 5,8% em rela\u00e7\u00e3o a dezembro de 2023. Este foi o segundo melhor desempenho hist\u00f3rico para um m\u00eas de dezembro. No acumulado de 2024, o setor exportou 2,54 milh\u00f5es de toneladas de carne bovina in natura, um recorde anual, com crescimento de 26,9% em rela\u00e7\u00e3o ao ano anterior.<\/p>\n<\/p><\/div>\n<p><script data-cfasync=\"false\">\n    !function (f, b, e, v, n, t, s) {\n        if (f.fbq) return; n = f.fbq = function () {\n            n.callMethod ?\n                n.callMethod.apply(n, arguments) : n.queue.push(arguments)\n        };\n        if (!f._fbq) f._fbq = n; n.push = n; n.loaded = !0; n.version = '2.0';\n        n.queue = []; t = b.createElement(e); t.async = !0;\n        t.src = v; s = b.getElementsByTagName(e)[0];\n        s.parentNode.insertBefore(t, s)\n    }(window, document, 'script',\n        'https:\/\/connect.facebook.net\/en_US\/fbevents.js');\n    fbq('init', '522546078623747');\n    fbq('track', 'PageView');\n<\/script><br \/>\n<br \/><br \/>\n<br \/><a href=\"https:\/\/www.agrolink.com.br\/noticias\/mercado-do-boi-gordo-inicia-ano-com-pouca-movimentacao_498217.html\">Source link <\/a><\/p>\n","protected":false},"excerpt":{"rendered":"<p>O informativo &#8220;Tem Boi na Linha&#8221;, da Scot Consultoria, apontou que nesta ter\u00e7a-feira, o mercado de boi gordo iniciou o<\/p>\n","protected":false},"author":1,"featured_media":5056,"comment_status":"open","ping_status":"open","sticky":false,"template":"","format":"standard","meta":{"_monsterinsights_skip_tracking":false,"_monsterinsights_sitenote_active":false,"_monsterinsights_sitenote_note":"","_monsterinsights_sitenote_category":0,"_uf_show_specific_survey":0,"_uf_disable_surveys":false,"footnotes":""},"categories":[8,1,14],"tags":[],"class_list":["post-7661","post","type-post","status-publish","format-standard","has-post-thumbnail","hentry","category-agro","category-news","category-politica-agro"],"_links":{"self":[{"href":"https:\/\/agromt.news\/index.php?rest_route=\/wp\/v2\/posts\/7661"}],"collection":[{"href":"https:\/\/agromt.news\/index.php?rest_route=\/wp\/v2\/posts"}],"about":[{"href":"https:\/\/agromt.news\/index.php?rest_route=\/wp\/v2\/types\/post"}],"author":[{"embeddable":true,"href":"https:\/\/agromt.news\/index.php?rest_route=\/wp\/v2\/users\/1"}],"replies":[{"embeddable":true,"href":"https:\/\/agromt.news\/index.php?rest_route=%2Fwp%2Fv2%2Fcomments&post=7661"}],"version-history":[{"count":0,"href":"https:\/\/agromt.news\/index.php?rest_route=\/wp\/v2\/posts\/7661\/revisions"}],"wp:featuredmedia":[{"embeddable":true,"href":"https:\/\/agromt.news\/index.php?rest_route=\/wp\/v2\/media\/5056"}],"wp:attachment":[{"href":"https:\/\/agromt.news\/index.php?rest_route=%2Fwp%2Fv2%2Fmedia&parent=7661"}],"wp:term":[{"taxonomy":"category","embeddable":true,"href":"https:\/\/agromt.news\/index.php?rest_route=%2Fwp%2Fv2%2Fcategories&post=7661"},{"taxonomy":"post_tag","embeddable":true,"href":"https:\/\/agromt.news\/index.php?rest_route=%2Fwp%2Fv2%2Ftags&post=7661"}],"curies":[{"name":"wp","href":"https:\/\/api.w.org\/{rel}","templated":true}]}}