{"id":7659,"date":"2025-01-07T21:07:43","date_gmt":"2025-01-08T01:07:43","guid":{"rendered":"https:\/\/agromt.news\/?p=7659"},"modified":"2025-01-07T21:07:43","modified_gmt":"2025-01-08T01:07:43","slug":"saude-e-longevidade-do-produtor-passam-pelas-maquinas-agricolas-autonomas-aposta-john-deere","status":"publish","type":"post","link":"https:\/\/agromt.news\/?p=7659","title":{"rendered":"Sa\u00fade e longevidade do produtor passam pelas m\u00e1quinas agr\u00edcolas aut\u00f4nomas, aposta John Deere"},"content":{"rendered":"<p> <br \/>\n<\/p>\n<div>\n<p>Uma nova gera\u00e7\u00e3o de m\u00e1quinas agr\u00edcolas foi trazida pela John Deere na maior feira de tecnologia do mundo, a <em>Consumer Eletronics Show<\/em> (CES 2025), em Las Vegas, Estados Unidos. <\/p>\n<p>Poupar homens e mulheres do campo de trabalhos extenuantes e solucionar o problema da falta de m\u00e3o-de-obra qualificada s\u00e3o as preocupa\u00e7\u00f5es que parecem estar no centro desta empreitada, ainda mais agora que o conceito de <strong><a href=\"https:\/\/www.canalrural.com.br\/tag\/sustentabilidade\/\">sustentabilidade<\/a><\/strong> j\u00e1 est\u00e1 mais incorporado ao setor com a ado\u00e7\u00e3o de modelos a biodiesel e at\u00e9 mesmo el\u00e9tricos.<\/p>\n<p>Assim, a palavra de ordem agora \u00e9 autonomia. Exemplo disso \u00e9 o maior trator da empresa, o 9RX, voltado a opera\u00e7\u00f5es agr\u00edcolas em grande escala e que neste ano passa a estar dispon\u00edvel para venda no mercado norte-americano.<\/p>\n<p>A companhia ainda n\u00e3o divulga o pre\u00e7o e o Brasil, por enquanto, ter\u00e1 de esperar mais algum tempo: quest\u00f5es de conectividade e regulamenta\u00e7\u00e3o ainda s\u00e3o gargalos em solo nacional. No entanto, neste rol, \u00e9 consenso entre os executivos da companhia que as perspectivas s\u00e3o para l\u00e1 de positivas visto a gigante \u00e1rea agricult\u00e1vel do pa\u00eds e a j\u00e1 consolidade tecnifica\u00e7\u00e3o dos produtores de Oiapoque ao Chu\u00ed.<\/p>\n<h2 class=\"wp-block-heading\" id=\"h-sensores-embutidos\">Sensores embutidos<\/h2>\n<p>O modelo \u00e9 equipado com 16 c\u00e2meras individuais dispostas em c\u00e1psulas para garantir vis\u00e3o 360\u00b0 do campo. De acordo com o vice-presidente de Tecnologia da companhia, Jahmy Hindman, os sensores da m\u00e1quina s\u00e3o t\u00e3o sens\u00edveis que captam insetos e at\u00e9 mesmo a varia\u00e7\u00e3o de luz do dia. <\/p>\n<p>Contudo, tamb\u00e9m est\u00e1 equipado com tecnologia artificial para garantir que apenas empecilhos reais interrompam a opera\u00e7\u00e3o, como pedras e grandes galhos que tenham o poder de danificar seus equipamentos.<\/p>\n<\/div>\n<div>\n<p>\u201cEssa tecnologia vai de encontro com as necessidades dos produtores rurais que t\u00eam dificuldade em encontrar m\u00e3o de obra qualificada e n\u00e3o t\u00eam mais tempo ou disposi\u00e7\u00e3o para ficar 12, 14 horas operando uma m\u00e1quina\u201d, diz o executivo.<\/p>\n<p>Fator que tamb\u00e9m exemplifica essa realidade \u00e9 a idade m\u00e9dia do homem e da mulher do campo. Nos Estados Unidos, por exemplo, este n\u00famero \u00e9 de 58 anos. No Brasil, de 46.<\/p>\n<p>Assim, a sa\u00fade e o bem-estar dos agricultores \u00e9 uma preocupa\u00e7\u00e3o que parece estar no centro das aten\u00e7\u00f5es das gigantes do setor.<\/p>\n<p>Por isso que em culturas especiais, como pomares, onde a pulveriza\u00e7\u00e3o com jato de ar \u00e9 repetitiva e exaustiva, a John Deere mostra outra alternativa: o trator estreito 5ML que, assim como o gigante 9RX, tamb\u00e9m \u00e9 aut\u00f4nomo.<\/p>\n<figure class=\"wp-block-image size-large\"><img fetchpriority=\"high\" decoding=\"async\" width=\"1024\" height=\"683\" alt=\"trator pomar culturas especiais - m\u00e1quinas agr\u00edcolas\" class=\"wp-image-4082609\"  data-lazy- src=\"https:\/\/agromt.news\/wp-content\/uploads\/2025\/01\/Saude-e-longevidade-do-produtor-passam-pelas-maquinas-agricolas-autonomas.jpg\"\/><img decoding=\"async\" width=\"1024\" height=\"683\" src=\"https:\/\/agromt.news\/wp-content\/uploads\/2025\/01\/Saude-e-longevidade-do-produtor-passam-pelas-maquinas-agricolas-autonomas.jpg\" alt=\"trator pomar culturas especiais - m\u00e1quinas agr\u00edcolas\" class=\"wp-image-4082609\"  \/><figcaption class=\"wp-element-caption\">Trator estreito aut\u00f4nomo para pomares. Foto: Divulga\u00e7\u00e3o John Deere<\/figcaption><\/figure>\n<p>O vice-presidente de Tecnologia da empresa afirma que o sistema desta m\u00e1quina, que j\u00e1 est\u00e1 na segunda gera\u00e7\u00e3o, garante uma navega\u00e7\u00e3o precisa mesmo sob uma densa cobertura vegetativa, al\u00e9m de identificar obst\u00e1culos com precis\u00e3o e recalcular a rota sempre que preciso.<\/p>\n<p>De acordo com Hindman, em um primeiro momento, a m\u00e1quina estar\u00e1 \u00e0 venda apenas com motor a diesel, mas, futuramente, ser\u00e1 disponibilizada a vers\u00e3o movida \u00e0 bateria el\u00e9trica.<\/p>\n<p><em>*O jornalista viajou para a CES 2025 a convite da John Deere<\/em><\/p>\n<\/p><\/div>\n<p><br \/>\n<br \/><a href=\"https:\/\/www.canalrural.com.br\/internacional\/saude-e-longevidade-do-produtor-passam-pelas-maquinas-agricolas-autonomas-aposta-john-deere\/\">Source link <\/a><\/p>\n","protected":false},"excerpt":{"rendered":"<p>Uma nova gera\u00e7\u00e3o de m\u00e1quinas agr\u00edcolas foi trazida pela John Deere na maior feira de tecnologia do mundo, a Consumer<\/p>\n","protected":false},"author":1,"featured_media":7660,"comment_status":"open","ping_status":"open","sticky":false,"template":"","format":"standard","meta":{"_monsterinsights_skip_tracking":false,"_monsterinsights_sitenote_active":false,"_monsterinsights_sitenote_note":"","_monsterinsights_sitenote_category":0,"_uf_show_specific_survey":0,"_uf_disable_surveys":false,"footnotes":""},"categories":[1],"tags":[],"class_list":["post-7659","post","type-post","status-publish","format-standard","has-post-thumbnail","hentry","category-news"],"_links":{"self":[{"href":"https:\/\/agromt.news\/index.php?rest_route=\/wp\/v2\/posts\/7659"}],"collection":[{"href":"https:\/\/agromt.news\/index.php?rest_route=\/wp\/v2\/posts"}],"about":[{"href":"https:\/\/agromt.news\/index.php?rest_route=\/wp\/v2\/types\/post"}],"author":[{"embeddable":true,"href":"https:\/\/agromt.news\/index.php?rest_route=\/wp\/v2\/users\/1"}],"replies":[{"embeddable":true,"href":"https:\/\/agromt.news\/index.php?rest_route=%2Fwp%2Fv2%2Fcomments&post=7659"}],"version-history":[{"count":0,"href":"https:\/\/agromt.news\/index.php?rest_route=\/wp\/v2\/posts\/7659\/revisions"}],"wp:featuredmedia":[{"embeddable":true,"href":"https:\/\/agromt.news\/index.php?rest_route=\/wp\/v2\/media\/7660"}],"wp:attachment":[{"href":"https:\/\/agromt.news\/index.php?rest_route=%2Fwp%2Fv2%2Fmedia&parent=7659"}],"wp:term":[{"taxonomy":"category","embeddable":true,"href":"https:\/\/agromt.news\/index.php?rest_route=%2Fwp%2Fv2%2Fcategories&post=7659"},{"taxonomy":"post_tag","embeddable":true,"href":"https:\/\/agromt.news\/index.php?rest_route=%2Fwp%2Fv2%2Ftags&post=7659"}],"curies":[{"name":"wp","href":"https:\/\/api.w.org\/{rel}","templated":true}]}}