{"id":7647,"date":"2025-01-07T17:12:49","date_gmt":"2025-01-07T21:12:49","guid":{"rendered":"https:\/\/agromt.news\/?p=7647"},"modified":"2025-01-07T17:12:49","modified_gmt":"2025-01-07T21:12:49","slug":"sancionada-lei-que-estimula-producao-de-pequi-e-outros-frutos-do-cerrado","status":"publish","type":"post","link":"https:\/\/agromt.news\/?p=7647","title":{"rendered":"Sancionada lei que estimula produ\u00e7\u00e3o de pequi e outros frutos do Cerrado"},"content":{"rendered":"<p> <br \/>\n<br \/><img decoding=\"async\" src=\"https:\/\/agromt.news\/wp-content\/uploads\/2025\/01\/Sancionada-lei-que-estimula-producao-de-pequi-e-outros-frutos.png\" \/><\/p>\n<div>\n<p>O presidente Luiz In\u00e1cio Lula da Silva sancionou um projeto de lei que estimula produ\u00e7\u00e3o e uso de frutos do <strong><a href=\"http:\/\/www.canalrural.com.br\/tag\/cerrado\/\">Cerrado<\/a><\/strong>, em especial o pequi, al\u00e9m de dar mais efici\u00eancia ao combate ao desmatamento desse bioma.<\/p>\n<p>O an\u00fancio foi feito nas redes sociais do presidente e, tamb\u00e9m, do autor do projeto, o deputado Rog\u00e9rio Correia (PT-MG).<\/p>\n<p>\u201cSancionei o projeto de lei 1970\/2019, que vai organizar e estimular a produ\u00e7\u00e3o do pequi e demais frutos do Cerrado. A lei tamb\u00e9m pro\u00edbe a derrubada predat\u00f3ria e estimula a planta\u00e7\u00e3o de mudas desse bioma.\u201d<\/p>\n<p>Segundo ele, n\u00e3o se trata de um projeto que beneficiar\u00e1 apenas quem gosta de comer pequi. Al\u00e9m de ajudar a preservar o meio ambiente, ajudar\u00e1 principalmente quem tem esses frutos como fonte de renda e modo de vida.<\/p>\n<p>\u201cMuita gente n\u00e3o conhece o pequi e pode se perguntar \u2018por que o Lula tem que se preocupar com o pequi?\u2019. Eu respondo: \u00e0s vezes o que n\u00e3o \u00e9 importante para quem mora na Paulista ou na Avenida Atl\u00e2ntica pode ser a coisa mais importante para quem vive no Cerrado brasileiro\u201d, disse o presidente.<\/p>\n<\/div>\n<div>\n<p>Aprovado em dezembro no Senado, o\u00a0<a href=\"https:\/\/www25.senado.leg.br\/web\/atividade\/materias\/-\/materia\/159484\" target=\"_blank\" rel=\"noreferrer noopener\">projeto pro\u00edbe<\/a>\u00a0a derrubada e o uso predat\u00f3rio de pequizeiros, mas cria exce\u00e7\u00f5es a serem observadas por \u00f3rg\u00e3o competente.<\/p>\n<p>Ele estabelece pol\u00edticas de manejo para a fruta com o objetivo de incentivar a preserva\u00e7\u00e3o de \u00e1reas com presen\u00e7a de pequizeiro e de outros produtos nativos do Cerrado. Al\u00e9m disso, cria mecanismos para a identifica\u00e7\u00e3o de comunidades tradicionais de produtores.<\/p>\n<p>A legisla\u00e7\u00e3o tamb\u00e9m prev\u00ea formas de viabilizar eventos culturais que estimulem o turismo e o com\u00e9rcio desses produtos. Por fim, desenvolve selos de qualidade e de proced\u00eancia dos frutos do Cerrado.<\/p>\n<p>Autor do projeto, Correia\u00a0usou as redes sociais\u00a0para comemorar a san\u00e7\u00e3o presidencial. Ele destacou que a pol\u00edtica nacional institu\u00edda pela nova lei visa viabilizar o manejo sustent\u00e1vel, plantio, extra\u00e7\u00e3o, consumo, comercializa\u00e7\u00e3o e transforma\u00e7\u00e3o n\u00e3o s\u00f3 do pequi, mas tamb\u00e9m de v\u00e1rios outros frutos e produtos nativos do Cerrado.<\/p>\n<p>\u201cAo investir na produ\u00e7\u00e3o de base sustent\u00e1vel dos frutos do Cerrado, n\u00f3s tamb\u00e9m investimos no sustento dos agricultores-agroextrativistas e na profissionaliza\u00e7\u00e3o de uma cadeia produtiva importante para o pa\u00eds. \u00c9 mais dignidade\u201d, postou o deputado.<\/p>\n<\/p><\/div>\n<p><br \/>\n<br \/><a href=\"https:\/\/www.canalrural.com.br\/diversos\/sancionada-lei-que-estimula-producao-de-pequi-e-outros-frutos-do-cerrado\/\">Source link <\/a><\/p>\n","protected":false},"excerpt":{"rendered":"<p>O presidente Luiz In\u00e1cio Lula da Silva sancionou um projeto de lei que estimula produ\u00e7\u00e3o e uso de frutos do<\/p>\n","protected":false},"author":1,"featured_media":7648,"comment_status":"open","ping_status":"open","sticky":false,"template":"","format":"standard","meta":{"_monsterinsights_skip_tracking":false,"_monsterinsights_sitenote_active":false,"_monsterinsights_sitenote_note":"","_monsterinsights_sitenote_category":0,"_uf_show_specific_survey":0,"_uf_disable_surveys":false,"footnotes":""},"categories":[1],"tags":[],"class_list":["post-7647","post","type-post","status-publish","format-standard","has-post-thumbnail","hentry","category-news"],"_links":{"self":[{"href":"https:\/\/agromt.news\/index.php?rest_route=\/wp\/v2\/posts\/7647"}],"collection":[{"href":"https:\/\/agromt.news\/index.php?rest_route=\/wp\/v2\/posts"}],"about":[{"href":"https:\/\/agromt.news\/index.php?rest_route=\/wp\/v2\/types\/post"}],"author":[{"embeddable":true,"href":"https:\/\/agromt.news\/index.php?rest_route=\/wp\/v2\/users\/1"}],"replies":[{"embeddable":true,"href":"https:\/\/agromt.news\/index.php?rest_route=%2Fwp%2Fv2%2Fcomments&post=7647"}],"version-history":[{"count":0,"href":"https:\/\/agromt.news\/index.php?rest_route=\/wp\/v2\/posts\/7647\/revisions"}],"wp:featuredmedia":[{"embeddable":true,"href":"https:\/\/agromt.news\/index.php?rest_route=\/wp\/v2\/media\/7648"}],"wp:attachment":[{"href":"https:\/\/agromt.news\/index.php?rest_route=%2Fwp%2Fv2%2Fmedia&parent=7647"}],"wp:term":[{"taxonomy":"category","embeddable":true,"href":"https:\/\/agromt.news\/index.php?rest_route=%2Fwp%2Fv2%2Fcategories&post=7647"},{"taxonomy":"post_tag","embeddable":true,"href":"https:\/\/agromt.news\/index.php?rest_route=%2Fwp%2Fv2%2Ftags&post=7647"}],"curies":[{"name":"wp","href":"https:\/\/api.w.org\/{rel}","templated":true}]}}