{"id":7646,"date":"2025-01-07T17:10:56","date_gmt":"2025-01-07T21:10:56","guid":{"rendered":"https:\/\/agromt.news\/?p=7646"},"modified":"2025-01-07T17:10:56","modified_gmt":"2025-01-07T21:10:56","slug":"quem-nao-comprar-fiagro-vai-se-arrepender","status":"publish","type":"post","link":"https:\/\/agromt.news\/?p=7646","title":{"rendered":"Quem n\u00e3o comprar Fiagro vai se arrepender?"},"content":{"rendered":"<p> <br \/>\n<\/p>\n<div>\n<p>De acordo com Octaciano Neto, Cofundador da Avra, o agroneg\u00f3cio continuar\u00e1 sendo o setor mais din\u00e2mico e resiliente da economia brasileira, com uma base s\u00f3lida constru\u00edda nos \u00faltimos 50 anos. Para a safra 2025\/26, ele prev\u00ea bons resultados para <a href=\"https:\/\/www.agrolink.com.br\/culturas\/soja?utm_source=agrolink-detalhe-noticia&amp;utm_medium=detalhe-noticia&amp;utm_campaign=links-internos\" target=\"_blank\" rel=\"noopener\">soja<\/a> e <a href=\"https:\/\/www.agrolink.com.br\/culturas\/milho?utm_source=agrolink-detalhe-noticia&amp;utm_medium=detalhe-noticia&amp;utm_campaign=links-internos&#9;\" target=\"_blank\" rel=\"noopener\">milho<\/a>, com condi\u00e7\u00f5es clim\u00e1ticas favor\u00e1veis e o d\u00f3lar alto ajudando mais do que atrapalhando. Al\u00e9m disso, outros produtos agr\u00edcolas como caf\u00e9, <a href=\"https:\/\/www.agrolink.com.br\/culturas\/laranja?utm_source=agrolink-detalhe-noticia&amp;utm_medium=detalhe-noticia&amp;utm_campaign=links-internos\" target=\"_blank\" rel=\"noopener\">laranja<\/a>, a\u00e7\u00facar e celulose apresentam bons pre\u00e7os, embora muitos investidores ainda se concentrem apenas na <a href=\"https:\/\/www.agrolink.com.br\/culturas\/soja?utm_source=agrolink-detalhe-noticia&amp;utm_medium=detalhe-noticia&amp;utm_campaign=links-internos\" target=\"_blank\" rel=\"noopener\">soja<\/a>.&#13;\n<\/p>\n<p>Neto acredita que o agroneg\u00f3cio n\u00e3o enfrenta uma crise estrutural, mas casos isolados, como o da Agrogalaxy, ganham repercuss\u00e3o exagerada. No mercado de Fiagros, a maioria dos investidores \u00e9 do varejo, com uma m\u00e9dia de R$ 20 mil investidos, o que promove democratiza\u00e7\u00e3o, mas tamb\u00e9m exp\u00f5e o setor a investidores despreparados para os ciclos do agroneg\u00f3cio. Ele tamb\u00e9m destaca que a produ\u00e7\u00e3o rural tem margens EBITDA superiores a 20% nas lavouras de ciclo curto e mais de 30% nas de ciclo longo, mostrando sua rentabilidade, mesmo em tempos turbulentos.<\/p>\n<p>\u201cN\u00e3o temos crise estrutural no setor. Temos casos isolados e pouco representativos de recupera\u00e7\u00e3o judicial. O caso da Agrogalaxy teve uma repercuss\u00e3o desproporcional ao tamanho dela no agro como um todo\u201d, escreveu, em seu perfil no LinkedIn.<\/p>\n<p>Neto aponta que, embora a alta da Selic afete mais as revendas e ind\u00fastrias, o setor rural continua s\u00f3lido. O mercado de capitais deve crescer lentamente em 2025, com os CRAs em alta, enquanto os Fiagros enfrentam desafios. At\u00e9 2035, ele acredita que o cr\u00e9dito ao agroneg\u00f3cio ser\u00e1 dominado pelo mercado de capitais, superando os bancos.&#13;\n<\/p>\n<p>\u201cOs bancos dominaram o cr\u00e9dito ao agroneg\u00f3cio por anos, sobretudo pelas vantagens de operar o Plano Safra. Isso vai mudando aos poucos. At\u00e9 2035 o mercado de capitais ser\u00e1 maior do que o mercado banc\u00e1rio no cr\u00e9dito ao agroneg\u00f3cio. Os Fiagros est\u00e3o uma pechincha. Quem n\u00e3o comprar neste \u201csald\u00e3o\u201d, vai se arrepender\u201d, conclui.<br \/>&#13;<br \/>\n\u00a0<\/p>\n<\/p><\/div>\n<p><script data-cfasync=\"false\">\n    !function (f, b, e, v, n, t, s) {\n        if (f.fbq) return; n = f.fbq = function () {\n            n.callMethod ?\n                n.callMethod.apply(n, arguments) : n.queue.push(arguments)\n        };\n        if (!f._fbq) f._fbq = n; n.push = n; n.loaded = !0; n.version = '2.0';\n        n.queue = []; t = b.createElement(e); t.async = !0;\n        t.src = v; s = b.getElementsByTagName(e)[0];\n        s.parentNode.insertBefore(t, s)\n    }(window, document, 'script',\n        'https:\/\/connect.facebook.net\/en_US\/fbevents.js');\n    fbq('init', '522546078623747');\n    fbq('track', 'PageView');\n<\/script><br \/>\n<br \/><br \/>\n<br \/><a href=\"https:\/\/www.agrolink.com.br\/noticias\/quem-nao-comprar-fiagro-vai-se-arrepender-_498167.html\">Source link <\/a><\/p>\n","protected":false},"excerpt":{"rendered":"<p>De acordo com Octaciano Neto, Cofundador da Avra, o agroneg\u00f3cio continuar\u00e1 sendo o setor mais din\u00e2mico e resiliente da economia<\/p>\n","protected":false},"author":1,"featured_media":1937,"comment_status":"open","ping_status":"open","sticky":false,"template":"","format":"standard","meta":{"_monsterinsights_skip_tracking":false,"_monsterinsights_sitenote_active":false,"_monsterinsights_sitenote_note":"","_monsterinsights_sitenote_category":0,"_uf_show_specific_survey":0,"_uf_disable_surveys":false,"footnotes":""},"categories":[8,1,14],"tags":[],"class_list":["post-7646","post","type-post","status-publish","format-standard","has-post-thumbnail","hentry","category-agro","category-news","category-politica-agro"],"_links":{"self":[{"href":"https:\/\/agromt.news\/index.php?rest_route=\/wp\/v2\/posts\/7646"}],"collection":[{"href":"https:\/\/agromt.news\/index.php?rest_route=\/wp\/v2\/posts"}],"about":[{"href":"https:\/\/agromt.news\/index.php?rest_route=\/wp\/v2\/types\/post"}],"author":[{"embeddable":true,"href":"https:\/\/agromt.news\/index.php?rest_route=\/wp\/v2\/users\/1"}],"replies":[{"embeddable":true,"href":"https:\/\/agromt.news\/index.php?rest_route=%2Fwp%2Fv2%2Fcomments&post=7646"}],"version-history":[{"count":0,"href":"https:\/\/agromt.news\/index.php?rest_route=\/wp\/v2\/posts\/7646\/revisions"}],"wp:featuredmedia":[{"embeddable":true,"href":"https:\/\/agromt.news\/index.php?rest_route=\/wp\/v2\/media\/1937"}],"wp:attachment":[{"href":"https:\/\/agromt.news\/index.php?rest_route=%2Fwp%2Fv2%2Fmedia&parent=7646"}],"wp:term":[{"taxonomy":"category","embeddable":true,"href":"https:\/\/agromt.news\/index.php?rest_route=%2Fwp%2Fv2%2Fcategories&post=7646"},{"taxonomy":"post_tag","embeddable":true,"href":"https:\/\/agromt.news\/index.php?rest_route=%2Fwp%2Fv2%2Ftags&post=7646"}],"curies":[{"name":"wp","href":"https:\/\/api.w.org\/{rel}","templated":true}]}}