{"id":7644,"date":"2025-01-07T16:40:45","date_gmt":"2025-01-07T20:40:45","guid":{"rendered":"https:\/\/agromt.news\/?p=7644"},"modified":"2025-01-07T16:40:45","modified_gmt":"2025-01-07T20:40:45","slug":"se-plano-do-governo-for-efetivado-economia-chegara-ao-fim-de-2026-muito-mais-arrumada","status":"publish","type":"post","link":"https:\/\/agromt.news\/?p=7644","title":{"rendered":"Se plano do governo for efetivado, economia chegar\u00e1 ao fim de 2026 &#8216;muito mais arrumada&#8217;"},"content":{"rendered":"<p> <br \/>\n<br \/><img decoding=\"async\" src=\"https:\/\/agromt.news\/wp-content\/uploads\/2025\/01\/Se-plano-do-governo-for-efetivado-economia-chegara-ao-fim.jpg\" \/><\/p>\n<div>\n<p>O ministro da <strong><a href=\"http:\/\/www.canalrural.com.br\/tag\/ministerio-da-fazenda\/\">Fazenda<\/a><\/strong>, Fernando Haddad, defendeu nesta ter\u00e7a-feira (7) que a economia chegar\u00e1 ao fim de 2026 \u201cmuito mais arrumada\u201d do que a herdada no in\u00edcio do governo se o plano da equipe econ\u00f4mica for efetivado. Ele afirmou que esse resultado ser\u00e1 conquistado \u201csem maquiagem, sem contabilidade criativa e sem calote\u201d.<\/p>\n<p>\u201cSem vender estatal na bacia das almas para favorecer grupos econ\u00f4micos, sem deixar de enfrentar os jabutis de grupos empresariais campe\u00f5es nacionais que, vira e mexe, conseguem benef\u00edcios ali no Congresso, \u00e9 isso que n\u00f3s estamos fazendo. E tamb\u00e9m contendo gastos da maneira adequada, sem prejudicar o trabalhador de baixa renda, garantindo os direitos consignados na Constitui\u00e7\u00e3o\u201d, defendeu Haddad em entrevista \u00e0 <em>GloboNews<\/em>.<\/p>\n<p>A declara\u00e7\u00e3o foi dada pelo ministro ao ser questionado sobre a influ\u00eancia da situa\u00e7\u00e3o econ\u00f4mica na elei\u00e7\u00e3o de 2026. Sobre isso, Haddad reconheceu que a economia \u201csempre vai fazer a diferen\u00e7a em qualquer elei\u00e7\u00e3o\u201d e defendeu que \u00e9 importante cuidar de todos os indicadores o \u201ctempo todo\u201d.<\/p>\n<p>\u201cA economia sempre vai fazer a diferen\u00e7a em qualquer elei\u00e7\u00e3o, \u00e9 muito importante que ela seja bem cuidada o tempo todo, que n\u00f3s sejamos diligentes em rela\u00e7\u00e3o a isso, observemos cada indicador para tomar as medidas corretas, olhando para todos os lados, n\u00e3o olhando para um lado s\u00f3, \u00e9 o Estado brasileiro que representa toda a sociedade brasileira, que tem que encontrar o caminho do equil\u00edbrio\u201d, disse Haddad.<\/p>\n<p>O ministro mencionou tamb\u00e9m estudo divulgado nesta ter\u00e7a, feito em parceria com a Funda\u00e7\u00e3o Get\u00falio Vargas, mostrando que a situa\u00e7\u00e3o fiscal de 2024 \u00e9 estruturalmente melhor que a registrada em 2022, \u00faltimo ano de governo Bolsonaro. \u201cSobretudo se levarmos em considera\u00e7\u00e3o quest\u00f5es importantes como a infla\u00e7\u00e3o e a receita e a despesa recorrente do governo\u201d, disse Haddad, pontuando tamb\u00e9m que o estudo apontou para alguns \u201cdissabores\u201d enfrentados, como a devolu\u00e7\u00e3o de medidas provis\u00f3rias de Lula pelo Congresso a tese do S\u00e9culo definida pelo Supremo Tribunal Federal em 2017.<\/p>\n<\/div>\n<div>\n<p>\u201cN\u00f3s estamos em uma democracia, felizmente, e vamos ter que conviver com esse tipo de contratempo. Vai acontecer e n\u00f3s temos que superar e vamos superar, porque n\u00f3s estamos trabalhando tamb\u00e9m com os contratempos\u201d, disse o ministro.<\/p>\n<h2 class=\"wp-block-heading\" id=\"h-mundo-mais-complicado\">Mundo mais complicado<\/h2>\n<p>Haddad afirmou que a economia \u00e9 um ponto importante para as elei\u00e7\u00f5es, mas n\u00e3o o \u00fanico, ponderando que o mundo vive um momento tenso em que quest\u00f5es ideol\u00f3gicas est\u00e3o fazendo a diferen\u00e7a.<\/p>\n<p>\u201cN\u00f3s estamos num mundo em que a comunica\u00e7\u00e3o se tornou muito mais disruptiva do que foi no passado. Tivemos hoje o an\u00fancio de uma importante organiza\u00e7\u00e3o de comunica\u00e7\u00e3o mundial, global, dizendo que vai retirar dos seus controles os filtros de <em>fake news<\/em>, aderindo um pouco \u00e0 mentalidade de que liberdade de express\u00e3o inclui cal\u00fania, mentira, difama\u00e7\u00e3o e tudo mais\u201d, disse Haddad.<\/p>\n<p>Reconhecendo o \u201cmundo mais complicado\u201d, o ministro defendeu que a economia estar\u00e1 bem, mas alertou que \u00e9 preciso cuidar da democracia e das institui\u00e7\u00f5es. Para ele, o Brasil est\u00e1 bem posicionado para enfrentar esses desafios. <\/p>\n<p>\u201cN\u00f3s temos que cuidar da integridade das pessoas e das informa\u00e7\u00f5es que s\u00e3o divulgadas para evitar p\u00e2nico, para evitar que as pessoas no desespero acabem abra\u00e7ando ideologias extremistas que p\u00f5em a perder as liberdades individuais e o nosso desejo de paz e prosperidade para as pessoas\u201d, disse.<\/p>\n<\/p><\/div>\n<p><br \/>\n<br \/><a href=\"https:\/\/www.canalrural.com.br\/diversos\/haddad-se-plano-do-governo-for-efetivado-economia-chegara-ao-fim-de-2026-muito-mais-arrumada\/\">Source link <\/a><\/p>\n","protected":false},"excerpt":{"rendered":"<p>O ministro da Fazenda, Fernando Haddad, defendeu nesta ter\u00e7a-feira (7) que a economia chegar\u00e1 ao fim de 2026 \u201cmuito mais<\/p>\n","protected":false},"author":1,"featured_media":7645,"comment_status":"open","ping_status":"open","sticky":false,"template":"","format":"standard","meta":{"_monsterinsights_skip_tracking":false,"_monsterinsights_sitenote_active":false,"_monsterinsights_sitenote_note":"","_monsterinsights_sitenote_category":0,"_uf_show_specific_survey":0,"_uf_disable_surveys":false,"footnotes":""},"categories":[1],"tags":[],"class_list":["post-7644","post","type-post","status-publish","format-standard","has-post-thumbnail","hentry","category-news"],"_links":{"self":[{"href":"https:\/\/agromt.news\/index.php?rest_route=\/wp\/v2\/posts\/7644"}],"collection":[{"href":"https:\/\/agromt.news\/index.php?rest_route=\/wp\/v2\/posts"}],"about":[{"href":"https:\/\/agromt.news\/index.php?rest_route=\/wp\/v2\/types\/post"}],"author":[{"embeddable":true,"href":"https:\/\/agromt.news\/index.php?rest_route=\/wp\/v2\/users\/1"}],"replies":[{"embeddable":true,"href":"https:\/\/agromt.news\/index.php?rest_route=%2Fwp%2Fv2%2Fcomments&post=7644"}],"version-history":[{"count":0,"href":"https:\/\/agromt.news\/index.php?rest_route=\/wp\/v2\/posts\/7644\/revisions"}],"wp:featuredmedia":[{"embeddable":true,"href":"https:\/\/agromt.news\/index.php?rest_route=\/wp\/v2\/media\/7645"}],"wp:attachment":[{"href":"https:\/\/agromt.news\/index.php?rest_route=%2Fwp%2Fv2%2Fmedia&parent=7644"}],"wp:term":[{"taxonomy":"category","embeddable":true,"href":"https:\/\/agromt.news\/index.php?rest_route=%2Fwp%2Fv2%2Fcategories&post=7644"},{"taxonomy":"post_tag","embeddable":true,"href":"https:\/\/agromt.news\/index.php?rest_route=%2Fwp%2Fv2%2Ftags&post=7644"}],"curies":[{"name":"wp","href":"https:\/\/api.w.org\/{rel}","templated":true}]}}