{"id":7631,"date":"2025-01-07T13:10:17","date_gmt":"2025-01-07T17:10:17","guid":{"rendered":"https:\/\/agromt.news\/?p=7631"},"modified":"2025-01-07T13:10:17","modified_gmt":"2025-01-07T17:10:17","slug":"prf-apreende-defensivos-agricolas-contrabandeados","status":"publish","type":"post","link":"https:\/\/agromt.news\/?p=7631","title":{"rendered":"PRF apreende defensivos agr\u00edcolas contrabandeados"},"content":{"rendered":"<p> <br \/>\n<br \/><img decoding=\"async\" src=\"https:\/\/agromt.news\/wp-content\/uploads\/2025\/01\/PRF-apreende-defensivos-agricolas-contrabandeados.jpeg\" \/><\/p>\n<div>\n<p>A <strong><a href=\"https:\/\/www.canalrural.com.br\/tag\/prf\/\">Pol\u00edcia Rodovi\u00e1ria Federal (PRF)<\/a><\/strong> apreendeu um carregamento de defensivos agr\u00edcolas contrabandeados no munic\u00edpio de Jaru, em Rond\u00f4nia. Segundo a corpora\u00e7\u00e3o, os produtos, provenientes de um pa\u00eds fronteiri\u00e7o \u2014 Rond\u00f4nia faz divisa com a Bol\u00edvia \u2014, n\u00e3o possuem registro ou autoriza\u00e7\u00e3o da <strong><a href=\"https:\/\/www.canalrural.com.br\/tag\/anvisa\/\">Ag\u00eancia Nacional de Vigil\u00e2ncia Sanit\u00e1ria (Anvisa)<\/a><\/strong> para uso no Brasil.<\/p>\n<p>Durante a sinaliza\u00e7\u00e3o e atendimento de um acidente de tr\u00e2nsito na BR-364, agentes da PRF identificaram uma caminhonete estacionada no meio da via, apresentando sinais de colis\u00e3o frontal. Ao abordar os ocupantes e realizar a fiscaliza\u00e7\u00e3o do ve\u00edculo, os policiais encontraram 60 pacotes de defensivos agr\u00edcolas contrabandeados. A a\u00e7\u00e3o configura viola\u00e7\u00e3o ao artigo 56 da Lei n\u00ba 14.785, de 27 de dezembro de 2023, que regulamenta o uso de agrot\u00f3xicos no pa\u00eds.<\/p>\n<h2 class=\"wp-block-heading\" id=\"h-a-lei-n\u00ba-14-785-2023-e-sua-importancia\">A Lei n\u00ba 14.785\/2023 e sua import\u00e2ncia<\/h2>\n<p>Conhecida como o marco legal do uso de pesticidas, a Lei n\u00ba 14.785 de 2023 criminaliza a produ\u00e7\u00e3o, armazenamento, transporte, importa\u00e7\u00e3o, utiliza\u00e7\u00e3o ou comercializa\u00e7\u00e3o de defensivos e produtos de controle ambiental n\u00e3o registrados ou n\u00e3o autorizados. A pena para quem infringe a norma \u00e9 de reclus\u00e3o de 3 a 9 anos, al\u00e9m de multa.<\/p>\n<\/div>\n<div>\n<h2 class=\"wp-block-heading\" id=\"h-fiscalizacao-de-transito-e-impacto-no-setor-agricola\">Fiscaliza\u00e7\u00e3o de tr\u00e2nsito e impacto no setor agr\u00edcola<\/h2>\n<p>A PRF destacou que apreens\u00f5es de defensivos agr\u00edcolas ilegais t\u00eam se tornado mais frequentes, revelando a liga\u00e7\u00e3o do crime organizado com o com\u00e9rcio clandestino desses produtos. Em nota, a corpora\u00e7\u00e3o afirmou que a\u00e7\u00f5es de fiscaliza\u00e7\u00e3o nas rodovias contribuem para mapear rotas de transporte ilegal e auxiliar na identifica\u00e7\u00e3o de cadeias produtivas que exploram trabalhadores e desrespeitam normas ambientais.<\/p>\n<\/p><\/div>\n<p><br \/>\n<br \/><a href=\"https:\/\/www.canalrural.com.br\/agricultura\/prf-apreende-defensivos-agricolas-contrabandeados\/\">Source link <\/a><\/p>\n","protected":false},"excerpt":{"rendered":"<p>A Pol\u00edcia Rodovi\u00e1ria Federal (PRF) apreendeu um carregamento de defensivos agr\u00edcolas contrabandeados no munic\u00edpio de Jaru, em Rond\u00f4nia. Segundo a<\/p>\n","protected":false},"author":1,"featured_media":7632,"comment_status":"open","ping_status":"open","sticky":false,"template":"","format":"standard","meta":{"_monsterinsights_skip_tracking":false,"_monsterinsights_sitenote_active":false,"_monsterinsights_sitenote_note":"","_monsterinsights_sitenote_category":0,"_uf_show_specific_survey":0,"_uf_disable_surveys":false,"footnotes":""},"categories":[1],"tags":[],"class_list":["post-7631","post","type-post","status-publish","format-standard","has-post-thumbnail","hentry","category-news"],"_links":{"self":[{"href":"https:\/\/agromt.news\/index.php?rest_route=\/wp\/v2\/posts\/7631"}],"collection":[{"href":"https:\/\/agromt.news\/index.php?rest_route=\/wp\/v2\/posts"}],"about":[{"href":"https:\/\/agromt.news\/index.php?rest_route=\/wp\/v2\/types\/post"}],"author":[{"embeddable":true,"href":"https:\/\/agromt.news\/index.php?rest_route=\/wp\/v2\/users\/1"}],"replies":[{"embeddable":true,"href":"https:\/\/agromt.news\/index.php?rest_route=%2Fwp%2Fv2%2Fcomments&post=7631"}],"version-history":[{"count":0,"href":"https:\/\/agromt.news\/index.php?rest_route=\/wp\/v2\/posts\/7631\/revisions"}],"wp:featuredmedia":[{"embeddable":true,"href":"https:\/\/agromt.news\/index.php?rest_route=\/wp\/v2\/media\/7632"}],"wp:attachment":[{"href":"https:\/\/agromt.news\/index.php?rest_route=%2Fwp%2Fv2%2Fmedia&parent=7631"}],"wp:term":[{"taxonomy":"category","embeddable":true,"href":"https:\/\/agromt.news\/index.php?rest_route=%2Fwp%2Fv2%2Fcategories&post=7631"},{"taxonomy":"post_tag","embeddable":true,"href":"https:\/\/agromt.news\/index.php?rest_route=%2Fwp%2Fv2%2Ftags&post=7631"}],"curies":[{"name":"wp","href":"https:\/\/api.w.org\/{rel}","templated":true}]}}