{"id":7578,"date":"2025-01-06T15:14:54","date_gmt":"2025-01-06T19:14:54","guid":{"rendered":"https:\/\/agromt.news\/?p=7578"},"modified":"2025-01-06T15:14:54","modified_gmt":"2025-01-06T19:14:54","slug":"presidente-da-apexbrasil-traca-planos-para-2025-e-avalia-conquistas-no-mercado-externo","status":"publish","type":"post","link":"https:\/\/agromt.news\/?p=7578","title":{"rendered":"Presidente da ApexBrasil tra\u00e7a planos para 2025 e avalia conquistas no mercado externo"},"content":{"rendered":"<p> <br \/>\n<br \/><img decoding=\"async\" src=\"https:\/\/agromt.news\/wp-content\/uploads\/2025\/01\/Presidente-da-ApexBrasil-traca-planos-para-2025-e-avalia-conquistas.jpg\" \/><\/p>\n<div>\n<p>A equipe do Canal Rural, em Bras\u00edlia, conversou com Jorge Viana, presidente da Ag\u00eancia Brasileira de Promo\u00e7\u00e3o de Exporta\u00e7\u00f5es e Investimentos (ApexBrasil), para a s\u00e9rie Retrospectiva e Perspectivas para o Ano de 2025. Desde 2003, a ApexBrasil atua na promo\u00e7\u00e3o de produtos brasileiros no exterior. Durante a entrevista, Viana avaliou os mercados conquistados em 2024 e apresentou os planos da entidade para o ano que se inicia.<\/p>\n<p>O presidente da ag\u00eancia destacou que, apesar da queda nos pre\u00e7os dos gr\u00e3os, o Brasil conseguiu ampliar o volume das exporta\u00e7\u00f5es gra\u00e7as ao esfor\u00e7o dos produtores.<\/p>\n<p>Viana tamb\u00e9m abordou a inaugura\u00e7\u00e3o da Casa Brasil em Xangai, <strong><a href=\"https:\/\/www.canalrural.com.br\/tag\/china\/\">na China<\/a><\/strong>, e comentou sobre o com\u00e9rcio <strong><a href=\"https:\/\/www.canalrural.com.br\/tag\/eua\/\">com os Estados Unidos<\/a><\/strong>, que ter\u00e1 <strong><a href=\"https:\/\/www.canalrural.com.br\/tag\/donaldtrump\/\">Donald Trump<\/a><\/strong> novamente na presid\u00eancia. \u201cIndependente de Trump ou n\u00e3o, temos nos Estados Unidos um fluxo de com\u00e9rcio maravilhoso\u201d, disse.<\/p>\n<\/div>\n<div>\n<p>Por fim, ele mencionou o acordo entre a Uni\u00e3o Europeia e o Mercosul, oficializado em dezembro no Uruguai, destacando os desafios e oportunidades que o pacto traz para os produtores brasileiros. <\/p>\n<figure class=\"wp-block-embed is-type-video is-provider-youtube wp-block-embed-youtube wp-embed-aspect-16-9 wp-has-aspect-ratio\">\n<p>\n<iframe title=\"Presidente da Apex Brasil realiza balan\u00e7o de mercados conquistados em 2024 e expectativas para 2025\" width=\"800\" height=\"450\" src=\"https:\/\/www.youtube.com\/embed\/BCtXGC-T1jM?feature=oembed\" frameborder=\"0\" allow=\"accelerometer; autoplay; clipboard-write; encrypted-media; gyroscope; picture-in-picture; web-share\" referrerpolicy=\"strict-origin-when-cross-origin\" allowfullscreen><\/iframe><noscript><iframe title=\"Presidente da Apex Brasil realiza balan\u00e7o de mercados conquistados em 2024 e expectativas para 2025\" width=\"800\" height=\"450\" src=\"https:\/\/www.youtube.com\/embed\/BCtXGC-T1jM?feature=oembed\" frameborder=\"0\" allow=\"accelerometer; autoplay; clipboard-write; encrypted-media; gyroscope; picture-in-picture; web-share\" referrerpolicy=\"strict-origin-when-cross-origin\" allowfullscreen><\/iframe><\/noscript>\n<\/p>\n<\/figure><\/div>\n<p><br \/>\n<br \/><a href=\"https:\/\/www.canalrural.com.br\/politica\/presidente-da-apexbrasil-traca-planos-para-2025-e-avalia-conquistas-no-mercado-externo\/\">Source link <\/a><\/p>\n","protected":false},"excerpt":{"rendered":"<p>A equipe do Canal Rural, em Bras\u00edlia, conversou com Jorge Viana, presidente da Ag\u00eancia Brasileira de Promo\u00e7\u00e3o de Exporta\u00e7\u00f5es e<\/p>\n","protected":false},"author":1,"featured_media":7579,"comment_status":"open","ping_status":"open","sticky":false,"template":"","format":"standard","meta":{"_monsterinsights_skip_tracking":false,"_monsterinsights_sitenote_active":false,"_monsterinsights_sitenote_note":"","_monsterinsights_sitenote_category":0,"_uf_show_specific_survey":0,"_uf_disable_surveys":false,"footnotes":""},"categories":[1],"tags":[],"class_list":["post-7578","post","type-post","status-publish","format-standard","has-post-thumbnail","hentry","category-news"],"_links":{"self":[{"href":"https:\/\/agromt.news\/index.php?rest_route=\/wp\/v2\/posts\/7578"}],"collection":[{"href":"https:\/\/agromt.news\/index.php?rest_route=\/wp\/v2\/posts"}],"about":[{"href":"https:\/\/agromt.news\/index.php?rest_route=\/wp\/v2\/types\/post"}],"author":[{"embeddable":true,"href":"https:\/\/agromt.news\/index.php?rest_route=\/wp\/v2\/users\/1"}],"replies":[{"embeddable":true,"href":"https:\/\/agromt.news\/index.php?rest_route=%2Fwp%2Fv2%2Fcomments&post=7578"}],"version-history":[{"count":0,"href":"https:\/\/agromt.news\/index.php?rest_route=\/wp\/v2\/posts\/7578\/revisions"}],"wp:featuredmedia":[{"embeddable":true,"href":"https:\/\/agromt.news\/index.php?rest_route=\/wp\/v2\/media\/7579"}],"wp:attachment":[{"href":"https:\/\/agromt.news\/index.php?rest_route=%2Fwp%2Fv2%2Fmedia&parent=7578"}],"wp:term":[{"taxonomy":"category","embeddable":true,"href":"https:\/\/agromt.news\/index.php?rest_route=%2Fwp%2Fv2%2Fcategories&post=7578"},{"taxonomy":"post_tag","embeddable":true,"href":"https:\/\/agromt.news\/index.php?rest_route=%2Fwp%2Fv2%2Ftags&post=7578"}],"curies":[{"name":"wp","href":"https:\/\/api.w.org\/{rel}","templated":true}]}}