{"id":7576,"date":"2025-01-06T15:11:46","date_gmt":"2025-01-06T19:11:46","guid":{"rendered":"https:\/\/agromt.news\/?p=7576"},"modified":"2025-01-06T15:11:46","modified_gmt":"2025-01-06T19:11:46","slug":"inicio-da-safra-de-algodao-fase-crucial","status":"publish","type":"post","link":"https:\/\/agromt.news\/?p=7576","title":{"rendered":"In\u00edcio da safra de algod\u00e3o: Fase crucial"},"content":{"rendered":"<p> <br \/>\n<\/p>\n<div>\n<div class=\"row\">\n<div class=\"col-lg col-infos mt-3 mt-lg-0\">\n<div class=\"section-sub-title\">\n<p itemprop=\"description\">&#13;<br \/>\n                                A embebi\u00e7\u00e3o envolve a hidrata\u00e7\u00e3o da semente,&#13;\n                            <\/p>\n<\/p><\/div>\n<div class=\"container\">\n<div class=\"row\">\n<div class=\"col-lg p-0\">\n<div>\n<div class=\"block-news-main-infos mt-3 text-start\">\n<p>                                            <strong class=\"fn\" itemprop=\"author\" style=\"color: rgb(112, 112, 112); \">&#13;<br \/>\n                                                <a href=\"https:\/\/www.agrolink.com.br\/noticias\/javascript:;\" class=\"text-uppercase\" target=\"_blank\" style=\"color: rgb(112, 112, 112); \" rel=\"noopener\">Agrolink<\/a>&#13;<br \/>\n&#13;<br \/>\n                                                    &#8211; Leonardo Gottems&#13;<br \/>\n&#13;<br \/>\n                                            <\/strong><br \/>\n                                        <\/p>\n<p>                                            <abbr><time datetime=\"2025-01-06T06:29\" itemprop=\"datePublished dateModified\">Publicado em 06\/01\/2025 \u00e0s 06:29h.<\/time><\/abbr><br \/>\n                                            <\/p><\/div>\n<\/p><\/div>\n<\/p><\/div>\n<div class=\"col-lg p-0 text-lg-end\">\n<div>\n<div id=\"mdEnviarPagina\" class=\"modal fade\" role=\"dialog\">\n<div class=\"modal-dialog\">\n<div class=\"modal-content\">\n<div class=\"modal-body\">\n<p><strong>Estimado usu\u00e1rio.<\/strong><br \/>Preencha o formul\u00e1rio abaixo para remeter a p\u00e1gina.<\/p>\n<\/p><\/div>\n<\/p><\/div>\n<\/p><\/div>\n<\/div><\/div>\n<\/p><\/div>\n<\/p><\/div>\n<\/p><\/div>\n<\/p><\/div>\n<\/p><\/div>\n<div class=\"row justify-content-md-center mt-3\">\n<div class=\"col-lg-auto col-image  block-news-main-image d-none d-md-block\">\n<p>                                <img decoding=\"async\" src=\"https:\/\/www.agrolink.com.br\/upload\/imagens-resizes\/6afbd140021649778a93fa5544598ff8_858x483.jpg\" class=\"lazyload \" alt=\"A temperatura ideal para a embebi\u00e7\u00e3o varia entre 25 e 30\u00b0C\"\/><br \/>\n                                                <span class=\"d-block mt-1\">A temperatura ideal para a embebi\u00e7\u00e3o varia entre 25 e 30\u00b0C &#8211; Foto: India Water Portal<\/span><\/p><\/div>\n<\/p><\/div>\n<div class=\"section-description section-description-noticias mt-3\">\n<p>Segundo Angela Fl\u00e1via de Oliveira, engenheira agr\u00f4noma na Tropical Melhoramento &amp; Gen\u00e9tica, mais uma safra de <a href=\"https:\/\/www.agrolink.com.br\/culturas\/algodao\/\" target=\"_blank\" rel=\"noopener\">algod\u00e3o<\/a> ir\u00e1 inciar. Mas o que acontece nesse processo? A semente de <a href=\"https:\/\/www.agrolink.com.br\/culturas\/algodao\/\" target=\"_blank\" rel=\"noopener\">algod\u00e3o<\/a>, segundo ela, com apenas cinco dias ap\u00f3s o plantio, j\u00e1 passou por uma das fases mais importantes de sua germina\u00e7\u00e3o: a embebi\u00e7\u00e3o. Esse est\u00e1gio inicial \u00e9 fundamental para garantir o desenvolvimento adequado da planta, impactando diretamente o sucesso da safra. Durante a embebi\u00e7\u00e3o, a semente absorve \u00e1gua, reativando seu metabolismo e preparando-se para o crescimento.&#13;\n<\/p>\n<p>A embebi\u00e7\u00e3o envolve a hidrata\u00e7\u00e3o da semente, o que ativa enzimas respons\u00e1veis pela quebra das reservas nutritivas. Esse processo \u00e9 essencial para o in\u00edcio da germina\u00e7\u00e3o, com a forma\u00e7\u00e3o da raiz e o desenvolvimento do embri\u00e3o. \u00c9 tamb\u00e9m nessa fase que se pode avaliar a viabilidade das sementes, j\u00e1 que apenas aquelas vi\u00e1veis conseguem absorver \u00e1gua e iniciar a germina\u00e7\u00e3o.<\/p>\n<p>Al\u00e9m disso, a embebi\u00e7\u00e3o favorece uma germina\u00e7\u00e3o mais uniforme e r\u00e1pida, o que melhora a efici\u00eancia da semeadura. Esse \u00e9 o momento ideal para aplicar tratamentos nas sementes, como produtos que estimulam o crescimento e protegem contra doen\u00e7as. A qualidade das sementes, a temperatura e a umidade do ambiente influenciam diretamente a taxa de absor\u00e7\u00e3o de \u00e1gua, sendo fundamentais para o sucesso dessa fase.&#13;\n<\/p>\n<p>A temperatura ideal para a embebi\u00e7\u00e3o varia entre 25 e 30\u00b0C, e o tratamento das sementes com produtos qu\u00edmicos ou biol\u00f3gicos tamb\u00e9m pode afetar a absor\u00e7\u00e3o de \u00e1gua. Por isso, o cuidado durante essa etapa \u00e9 essencial para garantir o bom in\u00edcio da safra e o sucesso no desenvolvimento da cultura.<br \/>&#13;<br \/>\n\u00a0<\/p>\n<\/p><\/div>\n<\/p><\/div>\n<p><script data-cfasync=\"false\">\n    !function (f, b, e, v, n, t, s) {\n        if (f.fbq) return; n = f.fbq = function () {\n            n.callMethod ?\n                n.callMethod.apply(n, arguments) : n.queue.push(arguments)\n        };\n        if (!f._fbq) f._fbq = n; n.push = n; n.loaded = !0; n.version = '2.0';\n        n.queue = []; t = b.createElement(e); t.async = !0;\n        t.src = v; s = b.getElementsByTagName(e)[0];\n        s.parentNode.insertBefore(t, s)\n    }(window, document, 'script',\n        'https:\/\/connect.facebook.net\/en_US\/fbevents.js');\n    fbq('init', '522546078623747');\n    fbq('track', 'PageView');\n<\/script><br \/>\n<br \/><br \/>\n<br \/><a href=\"https:\/\/www.agrolink.com.br\/noticias\/inicio-da-safra-de-algodao--fase-crucial_498142.html\">Source link <\/a><\/p>\n","protected":false},"excerpt":{"rendered":"<p>&#13; A embebi\u00e7\u00e3o envolve a hidrata\u00e7\u00e3o da semente,&#13; &#13; Agrolink&#13; &#13; &#8211; Leonardo Gottems&#13; &#13; Publicado em 06\/01\/2025 \u00e0s 06:29h.<\/p>\n","protected":false},"author":1,"featured_media":7577,"comment_status":"open","ping_status":"open","sticky":false,"template":"","format":"standard","meta":{"_monsterinsights_skip_tracking":false,"_monsterinsights_sitenote_active":false,"_monsterinsights_sitenote_note":"","_monsterinsights_sitenote_category":0,"_uf_show_specific_survey":0,"_uf_disable_surveys":false,"footnotes":""},"categories":[8,1,14],"tags":[],"class_list":["post-7576","post","type-post","status-publish","format-standard","has-post-thumbnail","hentry","category-agro","category-news","category-politica-agro"],"_links":{"self":[{"href":"https:\/\/agromt.news\/index.php?rest_route=\/wp\/v2\/posts\/7576"}],"collection":[{"href":"https:\/\/agromt.news\/index.php?rest_route=\/wp\/v2\/posts"}],"about":[{"href":"https:\/\/agromt.news\/index.php?rest_route=\/wp\/v2\/types\/post"}],"author":[{"embeddable":true,"href":"https:\/\/agromt.news\/index.php?rest_route=\/wp\/v2\/users\/1"}],"replies":[{"embeddable":true,"href":"https:\/\/agromt.news\/index.php?rest_route=%2Fwp%2Fv2%2Fcomments&post=7576"}],"version-history":[{"count":0,"href":"https:\/\/agromt.news\/index.php?rest_route=\/wp\/v2\/posts\/7576\/revisions"}],"wp:featuredmedia":[{"embeddable":true,"href":"https:\/\/agromt.news\/index.php?rest_route=\/wp\/v2\/media\/7577"}],"wp:attachment":[{"href":"https:\/\/agromt.news\/index.php?rest_route=%2Fwp%2Fv2%2Fmedia&parent=7576"}],"wp:term":[{"taxonomy":"category","embeddable":true,"href":"https:\/\/agromt.news\/index.php?rest_route=%2Fwp%2Fv2%2Fcategories&post=7576"},{"taxonomy":"post_tag","embeddable":true,"href":"https:\/\/agromt.news\/index.php?rest_route=%2Fwp%2Fv2%2Ftags&post=7576"}],"curies":[{"name":"wp","href":"https:\/\/api.w.org\/{rel}","templated":true}]}}