{"id":7570,"date":"2025-01-06T13:07:28","date_gmt":"2025-01-06T17:07:28","guid":{"rendered":"https:\/\/agromt.news\/?p=7570"},"modified":"2025-01-06T13:07:28","modified_gmt":"2025-01-06T17:07:28","slug":"qual-a-cultura-que-mais-cresceu-nos-ultimos-30-anos","status":"publish","type":"post","link":"https:\/\/agromt.news\/?p=7570","title":{"rendered":"Qual a cultura que mais cresceu nos \u00faltimos 30 anos?"},"content":{"rendered":"<p> <br \/>\n<\/p>\n<div>\n<p>Segundo Rafael Vieira, Gerente S\u00eanior de Pesquisa da Bayer, a agricultura brasileira passou por transforma\u00e7\u00f5es significativas nas \u00faltimas d\u00e9cadas, com um aumento de \u00e1reas cultivadas de 38,54 milh\u00f5es de hectares em 1994 para 77,38 milh\u00f5es de hectares em 2024. Durante esse per\u00edodo, o pa\u00eds se adaptou a novas demandas globais e a tend\u00eancias de mercado, resultando em mudan\u00e7as nas culturas predominantes.&#13;\n<\/p>\n<p>Entre as principais tend\u00eancias, destaca-se a expans\u00e3o das \u00e1reas destinadas \u00e0 soja e ao milho safrinha, que apresentam um crescimento robusto, com aumentos anuais de 4,8% e 3,3%, respectivamente, nos \u00faltimos cinco anos. A soja, em particular, viu sua \u00e1rea aumentar de 11,50 milh\u00f5es de hectares em 1994 para 45,73 milh\u00f5es de hectares em 2024, refletindo a crescente demanda global. Por outro lado, culturas como o feij\u00e3o e o arroz apresentaram quedas cont\u00ednuas, com o feij\u00e3o passando de 5,64 milh\u00f5es de hectares em 1994 para 2,87 milh\u00f5es de hectares em 2024.<\/p>\n<p>Outro dado relevante \u00e9 o crescimento do sorgo, com uma expans\u00e3o de 17,4% ao ano nos \u00faltimos cinco anos, subindo de 0,16 milh\u00e3o de hectares em 1994 para 1,56 milh\u00e3o de hectares em 2024. O trigo, apesar de n\u00e3o ter visto grandes varia\u00e7\u00f5es em termos de \u00e1rea, continua com uma presen\u00e7a importante, com uma taxa de crescimento de 6,4% ao ano nos \u00faltimos anos.&#13;\n<\/p>\n<p>\u201cO panorama agr\u00edcola brasileiro sofreu transforma\u00e7\u00f5es profundas ao longo das d\u00e9cadas, fortemente moldado por diversas demandas e tend\u00eancias de mercado. Essas mudan\u00e7as n\u00e3o apenas redefiniram a agricultura do pa\u00eds, mas tamb\u00e9m revelam a capacidade do setor de se reinventar e se adaptar \u00e0s novas realidades\u201d, escreveu, na rede social LinkedIn.<br \/>&#13;<br \/>\n\u00a0<\/p>\n<\/p><\/div>\n<p><script data-cfasync=\"false\">\n    !function (f, b, e, v, n, t, s) {\n        if (f.fbq) return; n = f.fbq = function () {\n            n.callMethod ?\n                n.callMethod.apply(n, arguments) : n.queue.push(arguments)\n        };\n        if (!f._fbq) f._fbq = n; n.push = n; n.loaded = !0; n.version = '2.0';\n        n.queue = []; t = b.createElement(e); t.async = !0;\n        t.src = v; s = b.getElementsByTagName(e)[0];\n        s.parentNode.insertBefore(t, s)\n    }(window, document, 'script',\n        'https:\/\/connect.facebook.net\/en_US\/fbevents.js');\n    fbq('init', '522546078623747');\n    fbq('track', 'PageView');\n<\/script><br \/>\n<br \/><br \/>\n<br \/><a href=\"https:\/\/www.agrolink.com.br\/noticias\/qual-a-cultura-que-mais-cresceu-nos-ultimos-30-anos-_498143.html\">Source link <\/a><\/p>\n","protected":false},"excerpt":{"rendered":"<p>Segundo Rafael Vieira, Gerente S\u00eanior de Pesquisa da Bayer, a agricultura brasileira passou por transforma\u00e7\u00f5es significativas nas \u00faltimas d\u00e9cadas, com<\/p>\n","protected":false},"author":1,"featured_media":7571,"comment_status":"open","ping_status":"open","sticky":false,"template":"","format":"standard","meta":{"_monsterinsights_skip_tracking":false,"_monsterinsights_sitenote_active":false,"_monsterinsights_sitenote_note":"","_monsterinsights_sitenote_category":0,"_uf_show_specific_survey":0,"_uf_disable_surveys":false,"footnotes":""},"categories":[8,1,14],"tags":[],"class_list":["post-7570","post","type-post","status-publish","format-standard","has-post-thumbnail","hentry","category-agro","category-news","category-politica-agro"],"_links":{"self":[{"href":"https:\/\/agromt.news\/index.php?rest_route=\/wp\/v2\/posts\/7570"}],"collection":[{"href":"https:\/\/agromt.news\/index.php?rest_route=\/wp\/v2\/posts"}],"about":[{"href":"https:\/\/agromt.news\/index.php?rest_route=\/wp\/v2\/types\/post"}],"author":[{"embeddable":true,"href":"https:\/\/agromt.news\/index.php?rest_route=\/wp\/v2\/users\/1"}],"replies":[{"embeddable":true,"href":"https:\/\/agromt.news\/index.php?rest_route=%2Fwp%2Fv2%2Fcomments&post=7570"}],"version-history":[{"count":0,"href":"https:\/\/agromt.news\/index.php?rest_route=\/wp\/v2\/posts\/7570\/revisions"}],"wp:featuredmedia":[{"embeddable":true,"href":"https:\/\/agromt.news\/index.php?rest_route=\/wp\/v2\/media\/7571"}],"wp:attachment":[{"href":"https:\/\/agromt.news\/index.php?rest_route=%2Fwp%2Fv2%2Fmedia&parent=7570"}],"wp:term":[{"taxonomy":"category","embeddable":true,"href":"https:\/\/agromt.news\/index.php?rest_route=%2Fwp%2Fv2%2Fcategories&post=7570"},{"taxonomy":"post_tag","embeddable":true,"href":"https:\/\/agromt.news\/index.php?rest_route=%2Fwp%2Fv2%2Ftags&post=7570"}],"curies":[{"name":"wp","href":"https:\/\/api.w.org\/{rel}","templated":true}]}}