{"id":7528,"date":"2025-01-05T08:36:33","date_gmt":"2025-01-05T12:36:33","guid":{"rendered":"https:\/\/agromt.news\/?p=7528"},"modified":"2025-01-05T08:36:33","modified_gmt":"2025-01-05T12:36:33","slug":"ano-mais-quente-no-brasil-desde-1961","status":"publish","type":"post","link":"https:\/\/agromt.news\/?p=7528","title":{"rendered":"ano mais quente no Brasil desde 1961"},"content":{"rendered":"<p> <br \/>\n<\/p>\n<div>\n<p style=\"text-align:justify\">O Brasil enfrentou temperaturas acima da m\u00e9dia hist\u00f3rica em 2024, consolidando uma tend\u00eancia de aquecimento no pa\u00eds. De acordo com dados do Instituto Nacional de Meteorologia (Inmet), a m\u00e9dia anual foi de 25,02\u00b0C, superando em 0,79\u00b0C a m\u00e9dia hist\u00f3rica de 1991 a 2020, que \u00e9 de 24,23\u00b0C. Em 2023, o pa\u00eds j\u00e1 havia registrado 24,92\u00b0C, 0,69\u00b0C acima do esperado.&#13;\n<\/p>\n<p style=\"text-align:justify\">Segundo o inforamdo pelo Minist\u00e9rio da Agricultura, Pecu\u00e1ria e Abastecimento\u00a0(MAPA), especialistas destacam que os anos analisados estiveram sob influ\u00eancia do fen\u00f4meno El Ni\u00f1o, com intensidade classificada de forte a muito forte, impactando diretamente os padr\u00f5es clim\u00e1ticos. Esse fen\u00f4meno contribuiu para o aumento das temperaturas em 2023 e nos primeiros meses de 2024.<\/p>\n<p style=\"text-align:justify\"><img decoding=\"async\" class=\"img-fluid\" src=\"https:\/\/www.agrolink.com.br\/Upload\/noticias\/86df5ee7d48648b9b800a562b88b80e2.jpg\"\/><em>Figura 1: Ranking dos anos mais quentes da hist\u00f3ria do Brasil entre 1961 e 2024.<\/em><\/p>\n<p style=\"text-align:justify\">Estudos do Inmet apontam ainda uma tend\u00eancia de alta nas temperaturas m\u00e9dias anuais no Brasil desde 1961, indicando um aquecimento estatisticamente significativo. Esse aumento est\u00e1 associado \u00e0s mudan\u00e7as clim\u00e1ticas globais e a altera\u00e7\u00f5es ambientais locais.&#13;\n<\/p>\n<p style=\"text-align:justify\"><img decoding=\"async\" class=\"img-fluid\" src=\"https:\/\/www.agrolink.com.br\/Upload\/noticias\/631b6766b8b94cf38e479b80973db7d7.jpg\"\/>Figura 2: Anomalia (diferen\u00e7a entre a temperatura observada e a m\u00e9dia hist\u00f3rica de 1991 \u2013 2020) de Temperatura M\u00e9dia do Ar (TMA) no Brasil por ano.<\/p>\n<p style=\"text-align:justify\">Segundo o relat\u00f3rio provis\u00f3rio do Estado Global do Clima 2024, divulgado pela Organiza\u00e7\u00e3o Meteorol\u00f3gica Mundial (OMM) em 11 de novembro de 2024, a temperatura m\u00e9dia global da superf\u00edcie terrestre ficou 1,54\u00b0C acima da m\u00e9dia hist\u00f3rica de 1850-1900, at\u00e9 setembro do ano passado.<\/p>\n<p style=\"text-align:justify\">Com base nesses dados, 2024 tende a superar 2023 como o ano mais quente j\u00e1 registrado. Entre junho de 2023 e setembro de 2024, a temperatura m\u00e9dia global permaneceu consistentemente acima dos recordes anteriores, apontam an\u00e1lises da OMM.<\/p>\n<\/p><\/div>\n<p><script data-cfasync=\"false\">\n    !function (f, b, e, v, n, t, s) {\n        if (f.fbq) return; n = f.fbq = function () {\n            n.callMethod ?\n                n.callMethod.apply(n, arguments) : n.queue.push(arguments)\n        };\n        if (!f._fbq) f._fbq = n; n.push = n; n.loaded = !0; n.version = '2.0';\n        n.queue = []; t = b.createElement(e); t.async = !0;\n        t.src = v; s = b.getElementsByTagName(e)[0];\n        s.parentNode.insertBefore(t, s)\n    }(window, document, 'script',\n        'https:\/\/connect.facebook.net\/en_US\/fbevents.js');\n    fbq('init', '522546078623747');\n    fbq('track', 'PageView');\n<\/script><br \/>\n<br \/><br \/>\n<br \/><a href=\"https:\/\/www.agrolink.com.br\/noticias\/2024--ano-mais-quente-no-brasil-desde-1961_498131.html\">Source link <\/a><\/p>\n","protected":false},"excerpt":{"rendered":"<p>O Brasil enfrentou temperaturas acima da m\u00e9dia hist\u00f3rica em 2024, consolidando uma tend\u00eancia de aquecimento no pa\u00eds. De acordo com<\/p>\n","protected":false},"author":1,"featured_media":4593,"comment_status":"open","ping_status":"open","sticky":false,"template":"","format":"standard","meta":{"_monsterinsights_skip_tracking":false,"_monsterinsights_sitenote_active":false,"_monsterinsights_sitenote_note":"","_monsterinsights_sitenote_category":0,"_uf_show_specific_survey":0,"_uf_disable_surveys":false,"footnotes":""},"categories":[8,1,14],"tags":[],"class_list":["post-7528","post","type-post","status-publish","format-standard","has-post-thumbnail","hentry","category-agro","category-news","category-politica-agro"],"_links":{"self":[{"href":"https:\/\/agromt.news\/index.php?rest_route=\/wp\/v2\/posts\/7528"}],"collection":[{"href":"https:\/\/agromt.news\/index.php?rest_route=\/wp\/v2\/posts"}],"about":[{"href":"https:\/\/agromt.news\/index.php?rest_route=\/wp\/v2\/types\/post"}],"author":[{"embeddable":true,"href":"https:\/\/agromt.news\/index.php?rest_route=\/wp\/v2\/users\/1"}],"replies":[{"embeddable":true,"href":"https:\/\/agromt.news\/index.php?rest_route=%2Fwp%2Fv2%2Fcomments&post=7528"}],"version-history":[{"count":0,"href":"https:\/\/agromt.news\/index.php?rest_route=\/wp\/v2\/posts\/7528\/revisions"}],"wp:featuredmedia":[{"embeddable":true,"href":"https:\/\/agromt.news\/index.php?rest_route=\/wp\/v2\/media\/4593"}],"wp:attachment":[{"href":"https:\/\/agromt.news\/index.php?rest_route=%2Fwp%2Fv2%2Fmedia&parent=7528"}],"wp:term":[{"taxonomy":"category","embeddable":true,"href":"https:\/\/agromt.news\/index.php?rest_route=%2Fwp%2Fv2%2Fcategories&post=7528"},{"taxonomy":"post_tag","embeddable":true,"href":"https:\/\/agromt.news\/index.php?rest_route=%2Fwp%2Fv2%2Ftags&post=7528"}],"curies":[{"name":"wp","href":"https:\/\/api.w.org\/{rel}","templated":true}]}}