{"id":7521,"date":"2025-01-05T03:49:25","date_gmt":"2025-01-05T07:49:25","guid":{"rendered":"https:\/\/agromt.news\/?p=7521"},"modified":"2025-01-05T03:49:25","modified_gmt":"2025-01-05T07:49:25","slug":"cotacao-do-algodao-fecha-em-queda-na-1a-semana-de-2025","status":"publish","type":"post","link":"https:\/\/agromt.news\/?p=7521","title":{"rendered":"cota\u00e7\u00e3o do algod\u00e3o fecha em queda na 1\u00aa semana de 2025"},"content":{"rendered":"<p> <br \/>\n<\/p>\n<div>\n<div class=\"row\">\n<div class=\"col-lg col-infos mt-3 mt-lg-0\">\n<div class=\"section-sub-title\">\n<p itemprop=\"description\">&#13;<br \/>\n                                Os pre\u00e7os m\u00e9dios \u00e0 vista recuaram 13 pontos em rela\u00e7\u00e3o \u00e0 semana anterior&#13;\n                            <\/p>\n<\/p><\/div>\n<div class=\"container\">\n<div class=\"row\">\n<div class=\"col-lg p-0\">\n<div>\n<div class=\"block-news-main-infos mt-3 text-start\">\n<p>                                            <strong class=\"fn\" itemprop=\"author\" style=\"color: rgb(112, 112, 112); \">&#13;<br \/>\n                                                <a href=\"https:\/\/www.agrolink.com.br\/noticias\/javascript:;\" class=\"text-uppercase\" target=\"_blank\" style=\"color: rgb(112, 112, 112); \" rel=\"noopener\">Agrolink<\/a>&#13;<br \/>\n&#13;<br \/>\n                                                    &#8211; Seane Lennon&#13;<br \/>\n&#13;<br \/>\n                                            <\/strong><br \/>\n                                        <\/p>\n<p>                                            <abbr><time datetime=\"2025-01-03T17:40\" itemprop=\"datePublished dateModified\">Publicado em 03\/01\/2025 \u00e0s 17:40h.<\/time><\/abbr><br \/>\n                                            <\/p><\/div>\n<\/p><\/div>\n<\/p><\/div>\n<div class=\"col-lg p-0 text-lg-end\">\n<div>\n<div id=\"mdEnviarPagina\" class=\"modal fade\" role=\"dialog\">\n<div class=\"modal-dialog\">\n<div class=\"modal-content\">\n<div class=\"modal-body\">\n<p><strong>Estimado usu\u00e1rio.<\/strong><br \/>Preencha o formul\u00e1rio abaixo para remeter a p\u00e1gina.<\/p>\n<\/p><\/div>\n<\/p><\/div>\n<\/p><\/div>\n<\/div><\/div>\n<\/p><\/div>\n<\/p><\/div>\n<\/p><\/div>\n<\/p><\/div>\n<\/p><\/div>\n<div class=\"row justify-content-md-center mt-3\">\n<div class=\"col-lg-auto col-image  block-news-main-image d-none d-md-block\">\n<p>                                <img decoding=\"async\" src=\"https:\/\/www.agrolink.com.br\/upload\/imagens-resizes\/41e4ecb9d25e49d9a7d5f81606293e0e_858x483.jpg\" class=\"lazyload \"\/><br \/>\n                                                <span class=\"publicity-photo d-block mt-1\">Foto: Pexels<\/span><\/p><\/div>\n<\/p><\/div>\n<div class=\"section-description section-description-noticias mt-3\">\n<p style=\"text-align:justify\">As cota\u00e7\u00f5es do algod\u00e3o encerraram a primeira semana de 2025 em queda no Estados Unidos, refletindo um mercado mais retra\u00eddo. De acordo com dados do Departamento de Agricultura dos Estados Unidos (USDA), divulgados pelo Programa de Algod\u00e3o e Tabaco do Servi\u00e7o de Comercializa\u00e7\u00e3o Agr\u00edcola (Agricultural Marketing Service\u2019s Cotton and Tobacco Program), os pre\u00e7os m\u00e9dios \u00e0 vista recuaram 13 pontos em rela\u00e7\u00e3o \u00e0 semana anterior.&#13;\n<\/p>\n<p style=\"text-align:justify\">De acordo com o USDA, o\u00a0pre\u00e7o m\u00e9dio para a qualidade base do algod\u00e3o (cor 41, folha 4, comprimento 34, micr\u00f4metro 35-36 e 43-49, resist\u00eancia 27,0-28,9 e uniformidade 81,0-81,9) nos sete mercados designados ficou em US\u00a2 64,44 por libra-peso na semana encerrada em 2 de janeiro de 2025. Esse valor foi inferior ao da semana anterior, que registrou US\u00a2 64,57 centavos, e bem abaixo dos US\u00a2 76,55 registrados no mesmo per\u00edodo do ano passado.&#13;\n<\/p>\n<p style=\"text-align:justify\">As cota\u00e7\u00f5es di\u00e1rias variaram entre US\u00a2 64,75 na sexta-feira (27) e US\u00a2 64,26\u00a0na ter\u00e7a-feira (31). No per\u00edodo, as transa\u00e7\u00f5es no mercado \u00e0 vista totalizaram 36.762 fardos, superando os 31.664 negociados na semana anterior. No entanto, o volume ainda ficou abaixo dos 49.780 fardos registrados no mesmo per\u00edodo do ano passado. No acumulado da safra, as transa\u00e7\u00f5es totalizaram 363.672 fardos, tamb\u00e9m inferiores aos 467.488 contabilizados na mesma semana da temporada passada.&#13;\n<\/p>\n<p style=\"text-align:justify\">O contrato de mar\u00e7o na Bolsa Intercontinental de Commodities (ICE) encerrou a semana cotado a US\u00a2 68,57\u00a0por libra-peso, apresentando leve queda em compara\u00e7\u00e3o aos US\u00a2 68,75\u00a0da semana anterior.<\/p>\n<\/p><\/div>\n<\/p><\/div>\n<p><script data-cfasync=\"false\">\n    !function (f, b, e, v, n, t, s) {\n        if (f.fbq) return; n = f.fbq = function () {\n            n.callMethod ?\n                n.callMethod.apply(n, arguments) : n.queue.push(arguments)\n        };\n        if (!f._fbq) f._fbq = n; n.push = n; n.loaded = !0; n.version = '2.0';\n        n.queue = []; t = b.createElement(e); t.async = !0;\n        t.src = v; s = b.getElementsByTagName(e)[0];\n        s.parentNode.insertBefore(t, s)\n    }(window, document, 'script',\n        'https:\/\/connect.facebook.net\/en_US\/fbevents.js');\n    fbq('init', '522546078623747');\n    fbq('track', 'PageView');\n<\/script><br \/>\n<br \/><br \/>\n<br \/><a href=\"https:\/\/www.agrolink.com.br\/noticias\/eua--cotacao-do-algodao-fecha-em-queda-na-1--semana-de-2025_498133.html\">Source link <\/a><\/p>\n","protected":false},"excerpt":{"rendered":"<p>&#13; Os pre\u00e7os m\u00e9dios \u00e0 vista recuaram 13 pontos em rela\u00e7\u00e3o \u00e0 semana anterior&#13; &#13; Agrolink&#13; &#13; &#8211; Seane Lennon&#13;<\/p>\n","protected":false},"author":1,"featured_media":7522,"comment_status":"open","ping_status":"open","sticky":false,"template":"","format":"standard","meta":{"_monsterinsights_skip_tracking":false,"_monsterinsights_sitenote_active":false,"_monsterinsights_sitenote_note":"","_monsterinsights_sitenote_category":0,"_uf_show_specific_survey":0,"_uf_disable_surveys":false,"footnotes":""},"categories":[8,1,14],"tags":[],"class_list":["post-7521","post","type-post","status-publish","format-standard","has-post-thumbnail","hentry","category-agro","category-news","category-politica-agro"],"_links":{"self":[{"href":"https:\/\/agromt.news\/index.php?rest_route=\/wp\/v2\/posts\/7521"}],"collection":[{"href":"https:\/\/agromt.news\/index.php?rest_route=\/wp\/v2\/posts"}],"about":[{"href":"https:\/\/agromt.news\/index.php?rest_route=\/wp\/v2\/types\/post"}],"author":[{"embeddable":true,"href":"https:\/\/agromt.news\/index.php?rest_route=\/wp\/v2\/users\/1"}],"replies":[{"embeddable":true,"href":"https:\/\/agromt.news\/index.php?rest_route=%2Fwp%2Fv2%2Fcomments&post=7521"}],"version-history":[{"count":0,"href":"https:\/\/agromt.news\/index.php?rest_route=\/wp\/v2\/posts\/7521\/revisions"}],"wp:featuredmedia":[{"embeddable":true,"href":"https:\/\/agromt.news\/index.php?rest_route=\/wp\/v2\/media\/7522"}],"wp:attachment":[{"href":"https:\/\/agromt.news\/index.php?rest_route=%2Fwp%2Fv2%2Fmedia&parent=7521"}],"wp:term":[{"taxonomy":"category","embeddable":true,"href":"https:\/\/agromt.news\/index.php?rest_route=%2Fwp%2Fv2%2Fcategories&post=7521"},{"taxonomy":"post_tag","embeddable":true,"href":"https:\/\/agromt.news\/index.php?rest_route=%2Fwp%2Fv2%2Ftags&post=7521"}],"curies":[{"name":"wp","href":"https:\/\/api.w.org\/{rel}","templated":true}]}}