{"id":7520,"date":"2025-01-05T01:36:30","date_gmt":"2025-01-05T05:36:30","guid":{"rendered":"https:\/\/agromt.news\/?p=7520"},"modified":"2025-01-05T01:36:30","modified_gmt":"2025-01-05T05:36:30","slug":"colheita-de-milho-para-silagem-avanca-com-qualidade-elevada","status":"publish","type":"post","link":"https:\/\/agromt.news\/?p=7520","title":{"rendered":"Colheita de milho para silagem avan\u00e7a com qualidade elevada"},"content":{"rendered":"<p> <br \/>\n<\/p>\n<div>\n<div class=\"row\">\n<div class=\"col-lg col-infos mt-3 mt-lg-0\">\n<div class=\"section-sub-title\">\n<p itemprop=\"description\">&#13;<br \/>\n                                A colheita de milho para silagem segue em ritmo acelerado no Rio Grande do Sul&#13;\n                            <\/p>\n<\/p><\/div>\n<div class=\"container\">\n<div class=\"row\">\n<div class=\"col-lg p-0\">\n<div>\n<div class=\"block-news-main-infos mt-3 text-start\">\n<p>                                            <strong class=\"fn\" itemprop=\"author\" style=\"color: rgb(112, 112, 112); \">&#13;<br \/>\n                                                <a href=\"https:\/\/www.agrolink.com.br\/noticias\/javascript:;\" class=\"text-uppercase\" target=\"_blank\" style=\"color: rgb(112, 112, 112); \" rel=\"noopener\">Agrolink<\/a>&#13;<br \/>\n&#13;<br \/>\n                                                    &#8211; Seane Lennon&#13;<br \/>\n&#13;<br \/>\n                                            <\/strong><br \/>\n                                        <\/p>\n<p>                                            <abbr><time datetime=\"2025-01-03T17:51\" itemprop=\"datePublished dateModified\">Publicado em 03\/01\/2025 \u00e0s 17:51h.<\/time><\/abbr><br \/>\n                                            <\/p><\/div>\n<\/p><\/div>\n<\/p><\/div>\n<div class=\"col-lg p-0 text-lg-end\">\n<div>\n<div id=\"mdEnviarPagina\" class=\"modal fade\" role=\"dialog\">\n<div class=\"modal-dialog\">\n<div class=\"modal-content\">\n<div class=\"modal-body\">\n<p><strong>Estimado usu\u00e1rio.<\/strong><br \/>Preencha o formul\u00e1rio abaixo para remeter a p\u00e1gina.<\/p>\n<\/p><\/div>\n<\/p><\/div>\n<\/p><\/div>\n<\/div><\/div>\n<\/p><\/div>\n<\/p><\/div>\n<\/p><\/div>\n<\/p><\/div>\n<\/p><\/div>\n<div class=\"row justify-content-md-center mt-3\">\n<div class=\"col-lg-auto col-image  block-news-main-image d-none d-md-block\">\n<p>                                <img decoding=\"async\" src=\"https:\/\/www.agrolink.com.br\/upload\/imagens-resizes\/574b335d2fe5493b9536088fdeeef40d_858x483.jpg\" class=\"lazyload \"\/><br \/>\n                                                <span class=\"publicity-photo d-block mt-1\">Foto: Nadia Borges<\/span><\/p><\/div>\n<\/p><\/div>\n<div class=\"section-description section-description-noticias mt-3\">\n<p style=\"text-align:justify\">Segundo o Informativo Conjuntural divulgado pela Emater\/RS nesta quinta-feira (2), a colheita de <a href=\"https:\/\/www.agrolink.com.br\/culturas\/milho?utm_source=agrolink-detalhe-noticia&amp;utm_medium=detalhe-noticia&amp;utm_campaign=links-internos&#9;\" target=\"_blank\" rel=\"noopener\">milho<\/a> para silagem segue em ritmo acelerado no Rio Grande do Sul, com 14% da \u00e1rea plantada j\u00e1 colhida e 17% das lavouras pr\u00f3ximas ao ponto ideal de corte. O est\u00e1gio de gr\u00e3o farin\u00e1ceo-duro e colmos verdes proporciona o teor de mat\u00e9ria seca entre 30% e 35%, condi\u00e7\u00e3o ideal para garantir o equil\u00edbrio nutricional e a qualidade da silagem armazenada. A safra apresenta resultados satisfat\u00f3rios at\u00e9 o momento.&#13;\n<\/p>\n<p style=\"text-align:justify\">De acordo com a Emater\/RS-Ascar, para a safra 2024\/2025, o Estado projeta o cultivo de 357.311 hectares, com produtividade m\u00e9dia estimada em 39.457 kg\/ha. A expectativa \u00e9 positiva, especialmente nas \u00e1reas onde o plantio foi escalonado para minimizar os riscos clim\u00e1ticos.<\/p>\n<p style=\"text-align:justify\">Na regi\u00e3o administrativa da Emater\/RS-Ascar de Bag\u00e9, na Campanha, o plantio est\u00e1 pr\u00f3ximo da conclus\u00e3o. Em Acegu\u00e1, 80% da \u00e1rea prevista j\u00e1 foi implantada, mas o processo foi temporariamente interrompido em 29 de dezembro devido \u00e0 falta de umidade no solo. A maior parte das lavouras foi semeada entre novembro e in\u00edcio de dezembro, e a expectativa \u00e9 de que os trabalhos sejam finalizados at\u00e9 o final de janeiro.&#13;\n<\/p>\n<p style=\"text-align:justify\">Na Fronteira Oeste, nos munic\u00edpios de Manoel Viana e Alegrete, a colheita j\u00e1 est\u00e1 em andamento, apresentando rendimentos elevados e silagem de alta qualidade, o que comprova o potencial produtivo da safra. Em outras regi\u00f5es, como Iju\u00ed e Santa Maria, as lavouras est\u00e3o sendo colhidas para armazenamento como forragem conservada. Os volumes de massa verde obtidos t\u00eam atendido \u00e0s expectativas dos produtores, destacando a efici\u00eancia no manejo e a qualidade do material colhido.<\/p>\n<\/p><\/div>\n<\/p><\/div>\n<p><script data-cfasync=\"false\">\n    !function (f, b, e, v, n, t, s) {\n        if (f.fbq) return; n = f.fbq = function () {\n            n.callMethod ?\n                n.callMethod.apply(n, arguments) : n.queue.push(arguments)\n        };\n        if (!f._fbq) f._fbq = n; n.push = n; n.loaded = !0; n.version = '2.0';\n        n.queue = []; t = b.createElement(e); t.async = !0;\n        t.src = v; s = b.getElementsByTagName(e)[0];\n        s.parentNode.insertBefore(t, s)\n    }(window, document, 'script',\n        'https:\/\/connect.facebook.net\/en_US\/fbevents.js');\n    fbq('init', '522546078623747');\n    fbq('track', 'PageView');\n<\/script><br \/>\n<br \/><br \/>\n<br \/><a href=\"https:\/\/www.agrolink.com.br\/noticias\/colheita-de-milho-para-silagem-avanca-com-qualidade-elevada_498134.html\">Source link <\/a><\/p>\n","protected":false},"excerpt":{"rendered":"<p>&#13; A colheita de milho para silagem segue em ritmo acelerado no Rio Grande do Sul&#13; &#13; Agrolink&#13; &#13; &#8211;<\/p>\n","protected":false},"author":1,"featured_media":3610,"comment_status":"open","ping_status":"open","sticky":false,"template":"","format":"standard","meta":{"_monsterinsights_skip_tracking":false,"_monsterinsights_sitenote_active":false,"_monsterinsights_sitenote_note":"","_monsterinsights_sitenote_category":0,"_uf_show_specific_survey":0,"_uf_disable_surveys":false,"footnotes":""},"categories":[8,1,14],"tags":[],"class_list":["post-7520","post","type-post","status-publish","format-standard","has-post-thumbnail","hentry","category-agro","category-news","category-politica-agro"],"_links":{"self":[{"href":"https:\/\/agromt.news\/index.php?rest_route=\/wp\/v2\/posts\/7520"}],"collection":[{"href":"https:\/\/agromt.news\/index.php?rest_route=\/wp\/v2\/posts"}],"about":[{"href":"https:\/\/agromt.news\/index.php?rest_route=\/wp\/v2\/types\/post"}],"author":[{"embeddable":true,"href":"https:\/\/agromt.news\/index.php?rest_route=\/wp\/v2\/users\/1"}],"replies":[{"embeddable":true,"href":"https:\/\/agromt.news\/index.php?rest_route=%2Fwp%2Fv2%2Fcomments&post=7520"}],"version-history":[{"count":0,"href":"https:\/\/agromt.news\/index.php?rest_route=\/wp\/v2\/posts\/7520\/revisions"}],"wp:featuredmedia":[{"embeddable":true,"href":"https:\/\/agromt.news\/index.php?rest_route=\/wp\/v2\/media\/3610"}],"wp:attachment":[{"href":"https:\/\/agromt.news\/index.php?rest_route=%2Fwp%2Fv2%2Fmedia&parent=7520"}],"wp:term":[{"taxonomy":"category","embeddable":true,"href":"https:\/\/agromt.news\/index.php?rest_route=%2Fwp%2Fv2%2Fcategories&post=7520"},{"taxonomy":"post_tag","embeddable":true,"href":"https:\/\/agromt.news\/index.php?rest_route=%2Fwp%2Fv2%2Ftags&post=7520"}],"curies":[{"name":"wp","href":"https:\/\/api.w.org\/{rel}","templated":true}]}}