{"id":7513,"date":"2025-01-04T17:02:30","date_gmt":"2025-01-04T21:02:30","guid":{"rendered":"https:\/\/agromt.news\/?p=7513"},"modified":"2025-01-04T17:02:30","modified_gmt":"2025-01-04T21:02:30","slug":"agropecuaria-recebe-reforco-de-r-2309-milhoes-do-fco-rural","status":"publish","type":"post","link":"https:\/\/agromt.news\/?p=7513","title":{"rendered":"agropecu\u00e1ria recebe refor\u00e7o de R$ 230,9 milh\u00f5es do FCO Rural"},"content":{"rendered":"<p> <br \/>\n<\/p>\n<div>\n<div class=\"row\">\n<div class=\"col-lg col-infos mt-3 mt-lg-0\">\n<div class=\"section-sub-title\">\n<p itemprop=\"description\">&#13;<br \/>\n                                Objetivo \u00e9 impulsionar a agropecu\u00e1ria goiana&#13;\n                            <\/p>\n<\/p><\/div>\n<div class=\"container\">\n<div class=\"row\">\n<div class=\"col-lg p-0\">\n<div>\n<div class=\"block-news-main-infos mt-3 text-start\">\n<p>                                            <strong class=\"fn\" itemprop=\"author\" style=\"color: rgb(112, 112, 112); \">&#13;<br \/>\n                                                <a href=\"https:\/\/www.agrolink.com.br\/noticias\/javascript:;\" class=\"text-uppercase\" target=\"_blank\" style=\"color: rgb(112, 112, 112); \" rel=\"noopener\">Agrolink<\/a>&#13;<br \/>\n&#13;<br \/>\n                                                    &#8211; Seane Lennon&#13;<br \/>\n&#13;<br \/>\n                                            <\/strong><br \/>\n                                        <\/p>\n<p>                                            <abbr><time datetime=\"2025-01-03T18:23\" itemprop=\"datePublished dateModified\">Publicado em 03\/01\/2025 \u00e0s 18:23h.<\/time><\/abbr><br \/>\n                                            <\/p><\/div>\n<\/p><\/div>\n<\/p><\/div>\n<div class=\"col-lg p-0 text-lg-end\">\n<div>\n<div id=\"mdEnviarPagina\" class=\"modal fade\" role=\"dialog\">\n<div class=\"modal-dialog\">\n<div class=\"modal-content\">\n<div class=\"modal-body\">\n<p><strong>Estimado usu\u00e1rio.<\/strong><br \/>Preencha o formul\u00e1rio abaixo para remeter a p\u00e1gina.<\/p>\n<\/p><\/div>\n<\/p><\/div>\n<\/p><\/div>\n<\/div><\/div>\n<\/p><\/div>\n<\/p><\/div>\n<\/p><\/div>\n<\/p><\/div>\n<\/p><\/div>\n<div class=\"row justify-content-md-center mt-3\">\n<div class=\"col-lg-auto col-image  block-news-main-image d-none d-md-block\">\n<p>                                <img decoding=\"async\" src=\"https:\/\/www.agrolink.com.br\/upload\/imagens-resizes\/e429028b4feb458ab5677299b44395cb_858x483.jpg\" class=\"lazyload \"\/><br \/>\n                                                <span class=\"publicity-photo d-block mt-1\">Foto: Pixabay<\/span><\/p><\/div>\n<\/p><\/div>\n<div class=\"section-description section-description-noticias mt-3\">\n<p style=\"text-align:justify\">Segundo o informado pela Secretaria de Estado de Agricultura, Pecu\u00e1ria e Abastecimento (Seapa) do\u00a0Governo de Goi\u00e1s, a agropecu\u00e1ria do estado\u00a0ser\u00e1 contemplada com R$ 230,9 milh\u00f5es provenientes do Fundo Constitucional de Financiamento do Centro-Oeste (FCO), conforme aprovado pela C\u00e2mara Deliberativa do Conselho de Desenvolvimento do Estado de Goi\u00e1s (CD\/CDE) durante a 411\u00aa Reuni\u00e3o Ordin\u00e1ria. O montante foi distribu\u00eddo em 76 cartas-consulta aprovadas na \u00faltima reuni\u00e3o do ano, realizada em dezembro.&#13;\n<\/p>\n<p style=\"text-align:justify\">Do total de recursos, mais de 70% ser\u00e3o destinados a produtores de pequeno porte, que receber\u00e3o cerca de R$ 162 milh\u00f5es. As propriedades de pequeno-m\u00e9dio porte ficar\u00e3o com R$ 43,1 milh\u00f5es (18,7%), enquanto as de m\u00e9dio porte ser\u00e3o beneficiadas com R$ 25 milh\u00f5es (10,8%). A previs\u00e3o \u00e9 de que o investimento resulte na gera\u00e7\u00e3o de 530 empregos diretos.&#13;\n<\/p>\n<p style=\"text-align:justify\">Institu\u00eddo pela Constitui\u00e7\u00e3o Federal de 1988 e regulamentado pela Lei n\u00ba 7.827, de 27 de setembro de 1989, o Fundo Constitucional do Centro-Oeste (FCO) tem como objetivo impulsionar o desenvolvimento econ\u00f4mico e social nos estados de Goi\u00e1s, Mato Grosso, Mato Grosso do Sul e no Distrito Federal. Os recursos, dispon\u00edveis por meio das modalidades FCO Empresarial e FCO Rural, podem ser acessados por produtores rurais, empresas, pessoas f\u00edsicas, jur\u00eddicas e cooperativas de produ\u00e7\u00e3o.&#13;\n<\/p>\n<\/p><\/div>\n<\/p><\/div>\n<p><script data-cfasync=\"false\">\n    !function (f, b, e, v, n, t, s) {\n        if (f.fbq) return; n = f.fbq = function () {\n            n.callMethod ?\n                n.callMethod.apply(n, arguments) : n.queue.push(arguments)\n        };\n        if (!f._fbq) f._fbq = n; n.push = n; n.loaded = !0; n.version = '2.0';\n        n.queue = []; t = b.createElement(e); t.async = !0;\n        t.src = v; s = b.getElementsByTagName(e)[0];\n        s.parentNode.insertBefore(t, s)\n    }(window, document, 'script',\n        'https:\/\/connect.facebook.net\/en_US\/fbevents.js');\n    fbq('init', '522546078623747');\n    fbq('track', 'PageView');\n<\/script><br \/>\n<br \/><br \/>\n<br \/><a href=\"https:\/\/www.agrolink.com.br\/noticias\/goias--agropecuaria-recebe-reforco-de-r--230-9-milhoes-do-fco-rural_498137.html\">Source link <\/a><\/p>\n","protected":false},"excerpt":{"rendered":"<p>&#13; Objetivo \u00e9 impulsionar a agropecu\u00e1ria goiana&#13; &#13; Agrolink&#13; &#13; &#8211; Seane Lennon&#13; &#13; Publicado em 03\/01\/2025 \u00e0s 18:23h. Estimado<\/p>\n","protected":false},"author":1,"featured_media":7514,"comment_status":"open","ping_status":"open","sticky":false,"template":"","format":"standard","meta":{"_monsterinsights_skip_tracking":false,"_monsterinsights_sitenote_active":false,"_monsterinsights_sitenote_note":"","_monsterinsights_sitenote_category":0,"_uf_show_specific_survey":0,"_uf_disable_surveys":false,"footnotes":""},"categories":[8,1,14],"tags":[],"class_list":["post-7513","post","type-post","status-publish","format-standard","has-post-thumbnail","hentry","category-agro","category-news","category-politica-agro"],"_links":{"self":[{"href":"https:\/\/agromt.news\/index.php?rest_route=\/wp\/v2\/posts\/7513"}],"collection":[{"href":"https:\/\/agromt.news\/index.php?rest_route=\/wp\/v2\/posts"}],"about":[{"href":"https:\/\/agromt.news\/index.php?rest_route=\/wp\/v2\/types\/post"}],"author":[{"embeddable":true,"href":"https:\/\/agromt.news\/index.php?rest_route=\/wp\/v2\/users\/1"}],"replies":[{"embeddable":true,"href":"https:\/\/agromt.news\/index.php?rest_route=%2Fwp%2Fv2%2Fcomments&post=7513"}],"version-history":[{"count":0,"href":"https:\/\/agromt.news\/index.php?rest_route=\/wp\/v2\/posts\/7513\/revisions"}],"wp:featuredmedia":[{"embeddable":true,"href":"https:\/\/agromt.news\/index.php?rest_route=\/wp\/v2\/media\/7514"}],"wp:attachment":[{"href":"https:\/\/agromt.news\/index.php?rest_route=%2Fwp%2Fv2%2Fmedia&parent=7513"}],"wp:term":[{"taxonomy":"category","embeddable":true,"href":"https:\/\/agromt.news\/index.php?rest_route=%2Fwp%2Fv2%2Fcategories&post=7513"},{"taxonomy":"post_tag","embeddable":true,"href":"https:\/\/agromt.news\/index.php?rest_route=%2Fwp%2Fv2%2Ftags&post=7513"}],"curies":[{"name":"wp","href":"https:\/\/api.w.org\/{rel}","templated":true}]}}