{"id":7506,"date":"2025-01-04T15:01:19","date_gmt":"2025-01-04T19:01:19","guid":{"rendered":"https:\/\/agromt.news\/?p=7506"},"modified":"2025-01-04T15:01:19","modified_gmt":"2025-01-04T19:01:19","slug":"conflito-por-terra-resulta-em-quatro-baleados-no-interior-do-parana","status":"publish","type":"post","link":"https:\/\/agromt.news\/?p=7506","title":{"rendered":"Conflito por terra resulta em quatro baleados no interior do Paran\u00e1"},"content":{"rendered":"<p> <br \/>\n<\/p>\n<div>\n<p>Uma disputa por terras entre Gua\u00edra e Terra Roxa, no <strong><a href=\"https:\/\/www.canalrural.com.br\/nacional\/parana\/\">oeste do Paran\u00e1<\/a><\/strong>, deixou quatro ind\u00edgenas Av\u00e1-Guarani feridos na noite de ontem (3). A <strong><a href=\"https:\/\/www.canalrural.com.br\/tag\/pol%C3%ADciafederal\/\">Pol\u00edcia Federal (PF)<\/a><\/strong> est\u00e1 investigando a autoria do ataque.<\/p>\n<p>Em nota, a PF informou que for\u00e7as de seguran\u00e7a federais, estaduais e municipais estiveram no local na noite de sexta-feira para evitar novos epis\u00f3dios de viol\u00eancia. Al\u00e9m disso, uma per\u00edcia foi realizada na \u00e1rea na manh\u00e3 deste s\u00e1bado (4).<\/p>\n<\/div>\n<div>\n<p>De acordo com a <strong>RPC<\/strong>, afiliada da Globo no Paran\u00e1, as v\u00edtimas, com idades de 7, 14, 25 e 28 anos, foram baleadas e levadas a hospitais da regi\u00e3o. Ainda n\u00e3o h\u00e1 informa\u00e7\u00f5es sobre o estado de sa\u00fade delas.<\/p>\n<figure class=\"wp-block-image size-full\"><img fetchpriority=\"high\" fetchpriority=\"high\" decoding=\"async\" width=\"530\" height=\"434\" src=\"https:\/\/agromt.news\/wp-content\/uploads\/2025\/01\/Conflito-por-terra-resulta-em-quatro-baleados-no-interior-do.jpeg\" alt=\"IND\u00cdGENA FERIDO\" class=\"wp-image-4082298\"  \/><figcaption class=\"wp-element-caption\">V\u00edtima \u00e9 socorrida ap\u00f3s ser baleada no interior do Paran\u00e1<\/figcaption><\/figure>\n<p>O <strong><a href=\"https:\/\/www.canalrural.com.br\/tag\/minist%C3%A9riodajusti%C3%A7a\/\">Minist\u00e9rio da Justi\u00e7a e Seguran\u00e7a P\u00fablica<\/a><\/strong>, tamb\u00e9m em nota, afirmou que a For\u00e7a Nacional foi informada do ataque por volta das 21h de ontem e que equipes foram mobilizadas para refor\u00e7ar o patrulhamento na \u00e1rea.<\/p>\n<\/p><\/div>\n<p><br \/>\n<br \/><a href=\"https:\/\/www.canalrural.com.br\/seguranca\/conflito-por-terra-resulta-em-quatro-baleados-no-interior-do-parana\/\">Source link <\/a><\/p>\n","protected":false},"excerpt":{"rendered":"<p>Uma disputa por terras entre Gua\u00edra e Terra Roxa, no oeste do Paran\u00e1, deixou quatro ind\u00edgenas Av\u00e1-Guarani feridos na noite<\/p>\n","protected":false},"author":1,"featured_media":7507,"comment_status":"open","ping_status":"open","sticky":false,"template":"","format":"standard","meta":{"_monsterinsights_skip_tracking":false,"_monsterinsights_sitenote_active":false,"_monsterinsights_sitenote_note":"","_monsterinsights_sitenote_category":0,"_uf_show_specific_survey":0,"_uf_disable_surveys":false,"footnotes":""},"categories":[1],"tags":[],"class_list":["post-7506","post","type-post","status-publish","format-standard","has-post-thumbnail","hentry","category-news"],"_links":{"self":[{"href":"https:\/\/agromt.news\/index.php?rest_route=\/wp\/v2\/posts\/7506"}],"collection":[{"href":"https:\/\/agromt.news\/index.php?rest_route=\/wp\/v2\/posts"}],"about":[{"href":"https:\/\/agromt.news\/index.php?rest_route=\/wp\/v2\/types\/post"}],"author":[{"embeddable":true,"href":"https:\/\/agromt.news\/index.php?rest_route=\/wp\/v2\/users\/1"}],"replies":[{"embeddable":true,"href":"https:\/\/agromt.news\/index.php?rest_route=%2Fwp%2Fv2%2Fcomments&post=7506"}],"version-history":[{"count":0,"href":"https:\/\/agromt.news\/index.php?rest_route=\/wp\/v2\/posts\/7506\/revisions"}],"wp:featuredmedia":[{"embeddable":true,"href":"https:\/\/agromt.news\/index.php?rest_route=\/wp\/v2\/media\/7507"}],"wp:attachment":[{"href":"https:\/\/agromt.news\/index.php?rest_route=%2Fwp%2Fv2%2Fmedia&parent=7506"}],"wp:term":[{"taxonomy":"category","embeddable":true,"href":"https:\/\/agromt.news\/index.php?rest_route=%2Fwp%2Fv2%2Fcategories&post=7506"},{"taxonomy":"post_tag","embeddable":true,"href":"https:\/\/agromt.news\/index.php?rest_route=%2Fwp%2Fv2%2Ftags&post=7506"}],"curies":[{"name":"wp","href":"https:\/\/api.w.org\/{rel}","templated":true}]}}