{"id":7437,"date":"2025-01-02T18:58:34","date_gmt":"2025-01-02T22:58:34","guid":{"rendered":"https:\/\/agromt.news\/?p=7437"},"modified":"2025-01-02T18:58:34","modified_gmt":"2025-01-02T22:58:34","slug":"confira-o-preco-da-arroba-do-boi-no-primeiro-dia-util-de-2025","status":"publish","type":"post","link":"https:\/\/agromt.news\/?p=7437","title":{"rendered":"Confira o pre\u00e7o da arroba do boi no primeiro dia \u00fatil de 2025"},"content":{"rendered":"<p> <br \/>\n<\/p>\n<div>\n<p>O mercado f\u00edsico do boi gordo apresentou ritmo de neg\u00f3cios travado nesta quinta-feira (2), primeiro dia \u00fatil de 2025, com alta nos pre\u00e7os em alguns estados. <\/p>\n<p>Segundo o analista da consultoria Safras &amp; Mercado Allan Maia, a liquidez do f\u00edsico segue fraca, devendo melhorar gradualmente no decorrer da quinzena. <\/p>\n<p>\u201cHouve sinaliza\u00e7\u00e3o de escalas de abate mais curtas, o que era esperado, considerando que a oferta na \u00faltima semana de 2024 foi mais apertada. Deste modo, h\u00e1 a possibilidade de maior atividade por parte de alguns frigor\u00edficos nas compras no curto prazo, o que pode favorecer reajustes\u201d. <\/p>\n<p>Segundo ele, outro fator a ser acompanhado nas pr\u00f3ximas semanas \u00e9 o atacado. \u201cO pre\u00e7o dos cortes abriu o ano com pre\u00e7os firmes, mas \u00e9 esperado mudan\u00e7a de perfil do consumo, passando de cortes mais nobres para os mais acess\u00edveis\u201d, considera. <\/p>\n<p>Para Maia, o fluxo de exporta\u00e7\u00e3o e o movimento do d\u00f3lar tamb\u00e9m s\u00e3o vari\u00e1veis que merecem aten\u00e7\u00e3o.<\/p>\n<h2 class=\"wp-block-heading\" id=\"h-precos-medios-da-arroba-do-boi-a-prazo\">Pre\u00e7os m\u00e9dios da arroba do boi (a prazo)<\/h2>\n<ul class=\"wp-block-list\">\n<li><strong>S\u00e3o Paulo:<\/strong> a arroba do boi gordo comum foi sinalizada entre R$ 310 e R$ 315 e o China posicionada em R$ 320<\/li>\n<li><strong>Minas Gerais:<\/strong> precificado entre R$ 300 e R$ 310<\/li>\n<li><strong>Goi\u00e1s:<\/strong> pre\u00e7o avan\u00e7ou no decorrer do dia, ficando entre R$ 300 e R$ 310<\/li>\n<li><strong>Mato Grosso do Sul:<\/strong> ficou em R$ 315<\/li>\n<li><strong>Mato Grosso:<\/strong> registrou alta no dia. Em Barra dos Gar\u00e7as, foi precificada entre R$ 310 e R$ 315. Na regi\u00e3o de Mirassol d\u2019Oeste foi indicada em R$ 305<\/li>\n<\/ul>\n<\/div>\n<div>\n<h2 class=\"wp-block-heading\" id=\"h-mercado-atacadista\">Mercado atacadista<\/h2>\n<figure class=\"wp-block-image size-large\"><img fetchpriority=\"high\" decoding=\"async\" width=\"1024\" height=\"683\" alt=\"carne bovina\" class=\"wp-image-4010509\"  data-lazy- src=\"https:\/\/agromt.news\/wp-content\/uploads\/2024\/11\/Boi-gordo-permanece-em-alta-mas-da-sinais-de-acomodacao.jpg\"\/><img decoding=\"async\" width=\"1024\" height=\"683\" src=\"https:\/\/agromt.news\/wp-content\/uploads\/2024\/11\/Boi-gordo-permanece-em-alta-mas-da-sinais-de-acomodacao.jpg\" alt=\"carne bovina\" class=\"wp-image-4010509\"  \/><figcaption class=\"wp-element-caption\">Foto: Freepik<\/figcaption><\/figure>\n<p>O mercado atacadista registrou ligeiro avan\u00e7o de pre\u00e7os no dia. De acordo com o analista, devido ao consumo do per\u00edodo de festas, os agentes do mercado carregam expectativas positivas para a reposi\u00e7\u00e3o entre atacado e varejo no curto prazo. <\/p>\n<p>\u201cContudo, vale frisar que o perfil de consumo tende a mudar em breve, considerando maior n\u00edvel de despesas das fam\u00edlias, deste modo, cortes mais nobres devem encontrar dificuldade para novos reajustes\u201d, disse Maia.<\/p>\n<p>O quarto dianteiro foi precificado a R$ 20,30 por quilo, alta de dez centavos. Quarto traseiro subiu dez centavos e foi cotado em R$ 26,70 por quilo. Ponta de agulha tamb\u00e9m registrou avan\u00e7o de dez centavos e ficou em R$ 19,40, por quilo.<\/p>\n<h2 class=\"wp-block-heading\" id=\"h-cambio\">C\u00e2mbio<\/h2>\n<p>O d\u00f3lar comercial encerrou em queda de 0,27%, sendo negociado a R$ 6,1627 para venda e a R$ 6,1607 para compra. Durante o dia, a moeda norte-americana oscilou entre a m\u00ednima de R$ 6,1502 e a m\u00e1xima de R$ 6,2262.<\/p>\n<\/p><\/div>\n<p><br \/>\n<br \/><a href=\"https:\/\/www.canalrural.com.br\/pecuaria\/confira-o-preco-da-arroba-do-boi-no-primeiro-dia-util-de-2025\/\">Source link <\/a><\/p>\n","protected":false},"excerpt":{"rendered":"<p>O mercado f\u00edsico do boi gordo apresentou ritmo de neg\u00f3cios travado nesta quinta-feira (2), primeiro dia \u00fatil de 2025, com<\/p>\n","protected":false},"author":1,"featured_media":7438,"comment_status":"open","ping_status":"open","sticky":false,"template":"","format":"standard","meta":{"_monsterinsights_skip_tracking":false,"_monsterinsights_sitenote_active":false,"_monsterinsights_sitenote_note":"","_monsterinsights_sitenote_category":0,"_uf_show_specific_survey":0,"_uf_disable_surveys":false,"footnotes":""},"categories":[1],"tags":[],"class_list":["post-7437","post","type-post","status-publish","format-standard","has-post-thumbnail","hentry","category-news"],"_links":{"self":[{"href":"https:\/\/agromt.news\/index.php?rest_route=\/wp\/v2\/posts\/7437"}],"collection":[{"href":"https:\/\/agromt.news\/index.php?rest_route=\/wp\/v2\/posts"}],"about":[{"href":"https:\/\/agromt.news\/index.php?rest_route=\/wp\/v2\/types\/post"}],"author":[{"embeddable":true,"href":"https:\/\/agromt.news\/index.php?rest_route=\/wp\/v2\/users\/1"}],"replies":[{"embeddable":true,"href":"https:\/\/agromt.news\/index.php?rest_route=%2Fwp%2Fv2%2Fcomments&post=7437"}],"version-history":[{"count":0,"href":"https:\/\/agromt.news\/index.php?rest_route=\/wp\/v2\/posts\/7437\/revisions"}],"wp:featuredmedia":[{"embeddable":true,"href":"https:\/\/agromt.news\/index.php?rest_route=\/wp\/v2\/media\/7438"}],"wp:attachment":[{"href":"https:\/\/agromt.news\/index.php?rest_route=%2Fwp%2Fv2%2Fmedia&parent=7437"}],"wp:term":[{"taxonomy":"category","embeddable":true,"href":"https:\/\/agromt.news\/index.php?rest_route=%2Fwp%2Fv2%2Fcategories&post=7437"},{"taxonomy":"post_tag","embeddable":true,"href":"https:\/\/agromt.news\/index.php?rest_route=%2Fwp%2Fv2%2Ftags&post=7437"}],"curies":[{"name":"wp","href":"https:\/\/api.w.org\/{rel}","templated":true}]}}