{"id":7427,"date":"2025-01-02T16:32:50","date_gmt":"2025-01-02T20:32:50","guid":{"rendered":"https:\/\/agromt.news\/?p=7427"},"modified":"2025-01-02T16:32:50","modified_gmt":"2025-01-02T20:32:50","slug":"preco-do-azeite-ao-consumidor-deve-cair-em-2025-mas-quanto","status":"publish","type":"post","link":"https:\/\/agromt.news\/?p=7427","title":{"rendered":"Pre\u00e7o do azeite ao consumidor deve cair em 2025, mas quanto?"},"content":{"rendered":"<p> <br \/>\n<br \/><img decoding=\"async\" src=\"https:\/\/agromt.news\/wp-content\/uploads\/2025\/01\/Preco-do-azeite-ao-consumidor-deve-cair-em-2025-mas.jpg\" \/><\/p>\n<div>\n<p>Com uma fabrica\u00e7\u00e3o nacional de azeite ainda pequena, o Brasil depende quase integralmente do mercado europeu para se abastecer.<\/p>\n<p>Contudo, os \u00faltimos anos foram desafiadores para os principais produtores, como Espanha e Portugal. Problemas clim\u00e1ticos reduziram a oferta e fizeram o pre\u00e7o do produto disparar, fator percept\u00edvel nas g\u00f4ndolas de supermercados de todo o pa\u00eds. Entretanto, o desembolso para aquisi\u00e7\u00e3o do item tende a se normalizar em 2025.<\/p>\n<p>O professor da <strong><a href=\"https:\/\/www.canalrural.com.br\/tag\/esalq\/\">Esalq-USP<\/a><\/strong> Carlos Vian destaca que h\u00e1 positiva previs\u00e3o de safra para a Europa e outros importantes produtores, casos de Oriente M\u00e9dio e norte da \u00c1frica. \u201cCom isso, as proje\u00e7\u00f5es s\u00e3o de de melhoria de estoques e de redu\u00e7\u00e3o dos pre\u00e7os para os pr\u00f3ximos meses\u201d.<\/p>\n<p>Segundo ele, o pre\u00e7o m\u00e9dio do azeite, incluindo os extra virgem e os de menor qualidade, j\u00e1 teve redu\u00e7\u00e3o em torno de <strong>18%<\/strong>, decr\u00e9scimo que tamb\u00e9m deve ser no Brasil. <\/p>\n<\/div>\n<div>\n<p>\u201cNo Brasil ainda n\u00e3o houve uma redu\u00e7\u00e3o de pre\u00e7o, mas temos uma tend\u00eancia de estabiliza\u00e7\u00e3o para 2025 e a expectativa \u00e9 que aqui essa redu\u00e7\u00e3o tamb\u00e9m ocorra\u201d. <\/p>\n<p>De acordo com Vian os reflexos ainda n\u00e3o foram sentidos pelos consumidores nacionais porque o varejo ainda precisar\u00e1 se desfazer do estoque de azeite comprado a pre\u00e7os mais elevados para, posteriormente, renovar sua oferta com os patamares reduzidos.<\/p>\n<\/p><\/div>\n<p><br \/>\n<br \/><a href=\"https:\/\/www.canalrural.com.br\/economia\/preco-do-azeite-ao-consumidor-deve-cair-em-2025-mas-quanto\/\">Source link <\/a><\/p>\n","protected":false},"excerpt":{"rendered":"<p>Com uma fabrica\u00e7\u00e3o nacional de azeite ainda pequena, o Brasil depende quase integralmente do mercado europeu para se abastecer. Contudo,<\/p>\n","protected":false},"author":1,"featured_media":7428,"comment_status":"open","ping_status":"open","sticky":false,"template":"","format":"standard","meta":{"_monsterinsights_skip_tracking":false,"_monsterinsights_sitenote_active":false,"_monsterinsights_sitenote_note":"","_monsterinsights_sitenote_category":0,"_uf_show_specific_survey":0,"_uf_disable_surveys":false,"footnotes":""},"categories":[1],"tags":[],"class_list":["post-7427","post","type-post","status-publish","format-standard","has-post-thumbnail","hentry","category-news"],"_links":{"self":[{"href":"https:\/\/agromt.news\/index.php?rest_route=\/wp\/v2\/posts\/7427"}],"collection":[{"href":"https:\/\/agromt.news\/index.php?rest_route=\/wp\/v2\/posts"}],"about":[{"href":"https:\/\/agromt.news\/index.php?rest_route=\/wp\/v2\/types\/post"}],"author":[{"embeddable":true,"href":"https:\/\/agromt.news\/index.php?rest_route=\/wp\/v2\/users\/1"}],"replies":[{"embeddable":true,"href":"https:\/\/agromt.news\/index.php?rest_route=%2Fwp%2Fv2%2Fcomments&post=7427"}],"version-history":[{"count":0,"href":"https:\/\/agromt.news\/index.php?rest_route=\/wp\/v2\/posts\/7427\/revisions"}],"wp:featuredmedia":[{"embeddable":true,"href":"https:\/\/agromt.news\/index.php?rest_route=\/wp\/v2\/media\/7428"}],"wp:attachment":[{"href":"https:\/\/agromt.news\/index.php?rest_route=%2Fwp%2Fv2%2Fmedia&parent=7427"}],"wp:term":[{"taxonomy":"category","embeddable":true,"href":"https:\/\/agromt.news\/index.php?rest_route=%2Fwp%2Fv2%2Fcategories&post=7427"},{"taxonomy":"post_tag","embeddable":true,"href":"https:\/\/agromt.news\/index.php?rest_route=%2Fwp%2Fv2%2Ftags&post=7427"}],"curies":[{"name":"wp","href":"https:\/\/api.w.org\/{rel}","templated":true}]}}