{"id":7425,"date":"2025-01-02T16:03:56","date_gmt":"2025-01-02T20:03:56","guid":{"rendered":"https:\/\/agromt.news\/?p=7425"},"modified":"2025-01-02T16:03:56","modified_gmt":"2025-01-02T20:03:56","slug":"cafe-e-leite-tem-alta-em-2024-e-devem-continuar-pesando-no-bolso-diz-abia","status":"publish","type":"post","link":"https:\/\/agromt.news\/?p=7425","title":{"rendered":"Caf\u00e9 e leite t\u00eam alta em 2024 e devem continuar pesando no bolso, diz Abia"},"content":{"rendered":"<p> <br \/>\n<br \/><img decoding=\"async\" src=\"https:\/\/agromt.news\/wp-content\/uploads\/2025\/01\/Cafe-e-leite-tem-alta-em-2024-e-devem-continuar.jpg\" \/><\/p>\n<div>\n<p>O pre\u00e7o do caf\u00e9 dever\u00e1 continuar pesando no bolso dos consumidores nos pr\u00f3ximos meses, segundo pesquisa mensal de commodities da Associa\u00e7\u00e3o Brasileira da Ind\u00fastria de Alimentos (<strong><a href=\"http:\/\/www.canalrural.com.br\/tag\/abia\/\">Abia<\/a><\/strong>). O tipo conilon (robusta) registra alta anual de 138,2% em 2024, at\u00e9 novembro.<\/p>\n<p>Segundo o Departamento de Intelig\u00eancia Competitiva da Abia, as cota\u00e7\u00f5es do gr\u00e3o s\u00e3o influenciadas pela escalada da variedade ar\u00e1bica, a mais consumida no Brasil e no mundo, com balan\u00e7o de oferta mais restrito, principalmente pela menor produ\u00e7\u00e3o brasileira, a maior do globo.<\/p>\n<p>Tamb\u00e9m existe a perspectiva de safra reduzida no Vietn\u00e3, segundo maior produtor e exportador mundial da variedade robusta, al\u00e9m da deprecia\u00e7\u00e3o da taxa de c\u00e2mbio.<\/p>\n<h2 class=\"wp-block-heading\" id=\"h-leite\"><b>Leite<\/b><\/h2>\n<p>Segundo o levantamento da Abia, o pre\u00e7o m\u00e9dio do leite apresentou alta anual de 32,8% em novembro de 2024, mas teve queda mensal de 11,1%, com a tonelada atingindo R$ 25.077 no mercado interno e R$ 27.160 no externo.<\/p>\n<\/div>\n<div>\n<p>\u201cAo longo dos \u00faltimos meses, condi\u00e7\u00f5es clim\u00e1ticas adversas em determinadas regi\u00f5es afetaram a produ\u00e7\u00e3o, influenciando a oferta e os pre\u00e7os. Mas isso vem se modificando, o que dever\u00e1 contribuir para a expans\u00e3o da produ\u00e7\u00e3o e a redu\u00e7\u00e3o dos pre\u00e7os dos latic\u00ednios aos consumidores\u201d, disse em comunicado o gerente de Economia e Intelig\u00eancia Competitiva da Abia, Cleber Sabonaro.<\/p>\n<p>Segundo ele, do lado da demanda, a expans\u00e3o do emprego e da renda contribuiu para o crescimento do consumo de derivados comercializados no varejo e no food service.<\/p>\n<p>Ele alertou, por\u00e9m, que os custos de produ\u00e7\u00e3o, especialmente com ra\u00e7\u00e3o e energia, continuam pressionados, o que reduz o potencial de crescimento do setor.<\/p>\n<p>Sobre as tend\u00eancias, Sabonaro destacou que, no mercado interno, a amplia\u00e7\u00e3o da produ\u00e7\u00e3o, beneficiada por condi\u00e7\u00f5es clim\u00e1ticas favor\u00e1veis, dever\u00e1 contribuir para manter os pre\u00e7os em queda, estimulando a demanda pelo produto e seus derivados. \u201cNo mercado internacional, os pre\u00e7os do leite em p\u00f3 tamb\u00e9m dever\u00e3o cair, acompanhando a amplia\u00e7\u00e3o da oferta nos principais pa\u00edses produtores\u201d, disse.<\/p>\n<\/p><\/div>\n<p><br \/>\n<br \/><a href=\"https:\/\/www.canalrural.com.br\/agricultura\/precos-do-cafe-e-do-leite-registram-alta-expressiva-em-2024-mostra-abia\/\">Source link <\/a><\/p>\n","protected":false},"excerpt":{"rendered":"<p>O pre\u00e7o do caf\u00e9 dever\u00e1 continuar pesando no bolso dos consumidores nos pr\u00f3ximos meses, segundo pesquisa mensal de commodities da<\/p>\n","protected":false},"author":1,"featured_media":7426,"comment_status":"open","ping_status":"open","sticky":false,"template":"","format":"standard","meta":{"_monsterinsights_skip_tracking":false,"_monsterinsights_sitenote_active":false,"_monsterinsights_sitenote_note":"","_monsterinsights_sitenote_category":0,"_uf_show_specific_survey":0,"_uf_disable_surveys":false,"footnotes":""},"categories":[1],"tags":[],"class_list":["post-7425","post","type-post","status-publish","format-standard","has-post-thumbnail","hentry","category-news"],"_links":{"self":[{"href":"https:\/\/agromt.news\/index.php?rest_route=\/wp\/v2\/posts\/7425"}],"collection":[{"href":"https:\/\/agromt.news\/index.php?rest_route=\/wp\/v2\/posts"}],"about":[{"href":"https:\/\/agromt.news\/index.php?rest_route=\/wp\/v2\/types\/post"}],"author":[{"embeddable":true,"href":"https:\/\/agromt.news\/index.php?rest_route=\/wp\/v2\/users\/1"}],"replies":[{"embeddable":true,"href":"https:\/\/agromt.news\/index.php?rest_route=%2Fwp%2Fv2%2Fcomments&post=7425"}],"version-history":[{"count":0,"href":"https:\/\/agromt.news\/index.php?rest_route=\/wp\/v2\/posts\/7425\/revisions"}],"wp:featuredmedia":[{"embeddable":true,"href":"https:\/\/agromt.news\/index.php?rest_route=\/wp\/v2\/media\/7426"}],"wp:attachment":[{"href":"https:\/\/agromt.news\/index.php?rest_route=%2Fwp%2Fv2%2Fmedia&parent=7425"}],"wp:term":[{"taxonomy":"category","embeddable":true,"href":"https:\/\/agromt.news\/index.php?rest_route=%2Fwp%2Fv2%2Fcategories&post=7425"},{"taxonomy":"post_tag","embeddable":true,"href":"https:\/\/agromt.news\/index.php?rest_route=%2Fwp%2Fv2%2Ftags&post=7425"}],"curies":[{"name":"wp","href":"https:\/\/api.w.org\/{rel}","templated":true}]}}