{"id":7421,"date":"2025-01-02T15:17:20","date_gmt":"2025-01-02T19:17:20","guid":{"rendered":"https:\/\/agromt.news\/?p=7421"},"modified":"2025-01-02T15:17:20","modified_gmt":"2025-01-02T19:17:20","slug":"a-safra-de-soja-no-parana","status":"publish","type":"post","link":"https:\/\/agromt.news\/?p=7421","title":{"rendered":"a safra de soja no Paran\u00e1"},"content":{"rendered":"<p> <br \/>\n<br \/><img decoding=\"async\" src=\"https:\/\/agromt.news\/wp-content\/uploads\/2025\/01\/a-safra-de-soja-no-Parana.png\" \/><\/p>\n<div>\n<p>A <a href=\"https:\/\/www.canalrural.com.br\/?s=soja+Paran%C3%A1\">safra <\/a>2023\/2024 no Paran\u00e1 foi impactada por condi\u00e7\u00f5es clim\u00e1ticas adversas que afetaram tanto a produtividade quanto a qualidade da soja. A quebra em rela\u00e7\u00e3o \u00e0 safra anterior foi de 17%, com uma perda de 3 milh\u00f5es de toneladas. Al\u00e9m disso, a combina\u00e7\u00e3o de altas temperaturas e estiagem prolongada, principalmente na fase de flora\u00e7\u00e3o e enchimento de gr\u00e3os, prejudicou o desenvolvimento das lavouras, o que reduziu o ciclo das plantas e comprometendo os rendimentos.<\/p>\n<p>O per\u00edodo cr\u00edtico, entre dezembro de 2023 e fevereiro de 2024, foi marcado pela escassez de chuvas, afetando diretamente a produ\u00e7\u00e3o. Al\u00e9m disso, o estado enfrentou varia\u00e7\u00f5es clim\u00e1ticas, com chuvas intensas no in\u00edcio da safra seguidas de estiagem, o que causou atrasos no plantio e exigiu retrabalho em algumas \u00e1reas. Esses fatores resultaram em custos elevados e produtividade abaixo das expectativas.<\/p>\n<h2 class=\"wp-block-heading\" id=\"h-producao-da-soja-no-estado\">Produ\u00e7\u00e3o da soja no estado<\/h2>\n<p>A produ\u00e7\u00e3o de soja no Paran\u00e1 no \u00faltimo ciclo foi de 18,4 milh\u00f5es de toneladas, e as expectativas para 2023\/2024 eram de 22,4 milh\u00f5es, o que representaria um aumento de 21% em rela\u00e7\u00e3o \u00e0 safra anterior. No entanto, a realidade foi diferente, com \u00e1reas como o Oeste e o Norte Pioneiro enfrentando seca severa, resultando em quebras de produtividade de at\u00e9 50%. Por outro lado, o Sul do estado obteve resultados mais positivos, ajudando a equilibrar a produ\u00e7\u00e3o.<\/p>\n<\/div>\n<div>\n<p>A produtividade inicial prevista para a safra era de 80 sacas por hectare, mas o rendimento final ficou em 50 sacas. As \u00e1reas mais afetadas pela seca foram as regi\u00f5es do Oeste e do Norte Pioneiro, que registraram perdas de at\u00e9 50%. Em contrapartida, as regi\u00f5es do Sul tiveram uma produtividade mais favor\u00e1vel, o que ajudou a mitigar as perdas de outras \u00e1reas, mas o impacto financeiro foi alto.<\/p>\n<p>A \u00e1rea plantada com soja manteve-se est\u00e1vel, com cerca de 5,7 milh\u00f5es de hectares nos \u00faltimos ciclos. Contudo, os pre\u00e7os da soja n\u00e3o reagiram conforme o esperado, ficando abaixo das proje\u00e7\u00f5es iniciais, o que gerou frustra\u00e7\u00e3o entre os produtores, j\u00e1 impactados pelos altos custos de produ\u00e7\u00e3o. A recupera\u00e7\u00e3o dos pre\u00e7os n\u00e3o foi t\u00e3o robusta quanto o setor esperava.<\/p>\n<h2 class=\"wp-block-heading\" id=\"h-alem-das-dificuldades\">Al\u00e9m das dificuldades <\/h2>\n<p>Apesar das dificuldades enfrentadas, especialistas acreditam que o manejo adequado do solo e a ado\u00e7\u00e3o de pr\u00e1ticas agr\u00edcolas sustent\u00e1veis podem reduzir os impactos de fen\u00f4menos clim\u00e1ticos extremos. O foco agora \u00e9 aprimorar t\u00e9cnicas como o plantio direto e a cobertura do solo, buscando melhorar a resist\u00eancia das lavouras \u00e0 escassez h\u00eddrica e aos excessos de chuvas, visando uma agricultura mais sustent\u00e1vel no Paran\u00e1.<\/p>\n<figure class=\"wp-block-embed is-type-video is-provider-youtube wp-block-embed-youtube wp-embed-aspect-16-9 wp-has-aspect-ratio\">\n<p>\n<iframe title=\"No Paran\u00e1: safra 23\/24 de soja foi marcada por altas temperaturas\" width=\"800\" height=\"450\" src=\"https:\/\/www.youtube.com\/embed\/LhKorWbdUQk?feature=oembed\" frameborder=\"0\" allow=\"accelerometer; autoplay; clipboard-write; encrypted-media; gyroscope; picture-in-picture; web-share\" referrerpolicy=\"strict-origin-when-cross-origin\" allowfullscreen><\/iframe><noscript><iframe title=\"No Paran\u00e1: safra 23\/24 de soja foi marcada por altas temperaturas\" width=\"800\" height=\"450\" src=\"https:\/\/www.youtube.com\/embed\/LhKorWbdUQk?feature=oembed\" frameborder=\"0\" allow=\"accelerometer; autoplay; clipboard-write; encrypted-media; gyroscope; picture-in-picture; web-share\" referrerpolicy=\"strict-origin-when-cross-origin\" allowfullscreen><\/iframe><\/noscript>\n<\/p>\n<\/figure><\/div>\n<p><br \/>\n<br \/><a href=\"https:\/\/www.canalrural.com.br\/agricultura\/projeto-soja-brasil\/altas-temperaturas-e-desafios-climaticos-a-safra-de-soja-no-parana\/\">Source link <\/a><\/p>\n","protected":false},"excerpt":{"rendered":"<p>A safra 2023\/2024 no Paran\u00e1 foi impactada por condi\u00e7\u00f5es clim\u00e1ticas adversas que afetaram tanto a produtividade quanto a qualidade da<\/p>\n","protected":false},"author":1,"featured_media":7422,"comment_status":"open","ping_status":"open","sticky":false,"template":"","format":"standard","meta":{"_monsterinsights_skip_tracking":false,"_monsterinsights_sitenote_active":false,"_monsterinsights_sitenote_note":"","_monsterinsights_sitenote_category":0,"_uf_show_specific_survey":0,"_uf_disable_surveys":false,"footnotes":""},"categories":[1],"tags":[],"class_list":["post-7421","post","type-post","status-publish","format-standard","has-post-thumbnail","hentry","category-news"],"_links":{"self":[{"href":"https:\/\/agromt.news\/index.php?rest_route=\/wp\/v2\/posts\/7421"}],"collection":[{"href":"https:\/\/agromt.news\/index.php?rest_route=\/wp\/v2\/posts"}],"about":[{"href":"https:\/\/agromt.news\/index.php?rest_route=\/wp\/v2\/types\/post"}],"author":[{"embeddable":true,"href":"https:\/\/agromt.news\/index.php?rest_route=\/wp\/v2\/users\/1"}],"replies":[{"embeddable":true,"href":"https:\/\/agromt.news\/index.php?rest_route=%2Fwp%2Fv2%2Fcomments&post=7421"}],"version-history":[{"count":0,"href":"https:\/\/agromt.news\/index.php?rest_route=\/wp\/v2\/posts\/7421\/revisions"}],"wp:featuredmedia":[{"embeddable":true,"href":"https:\/\/agromt.news\/index.php?rest_route=\/wp\/v2\/media\/7422"}],"wp:attachment":[{"href":"https:\/\/agromt.news\/index.php?rest_route=%2Fwp%2Fv2%2Fmedia&parent=7421"}],"wp:term":[{"taxonomy":"category","embeddable":true,"href":"https:\/\/agromt.news\/index.php?rest_route=%2Fwp%2Fv2%2Fcategories&post=7421"},{"taxonomy":"post_tag","embeddable":true,"href":"https:\/\/agromt.news\/index.php?rest_route=%2Fwp%2Fv2%2Ftags&post=7421"}],"curies":[{"name":"wp","href":"https:\/\/api.w.org\/{rel}","templated":true}]}}