{"id":7420,"date":"2025-01-02T15:14:25","date_gmt":"2025-01-02T19:14:25","guid":{"rendered":"https:\/\/agromt.news\/?p=7420"},"modified":"2025-01-02T15:14:25","modified_gmt":"2025-01-02T19:14:25","slug":"venda-o-maximo-que-puder","status":"publish","type":"post","link":"https:\/\/agromt.news\/?p=7420","title":{"rendered":"Venda o m\u00e1ximo que puder"},"content":{"rendered":"<p> <br \/>\n<\/p>\n<div>\n<div class=\"row\">\n<div class=\"col-lg col-infos mt-3 mt-lg-0\">\n<div class=\"section-sub-title\">\n<p itemprop=\"description\">&#13;<br \/>\n                                Diante desse panorama, a recomenda\u00e7\u00e3o da TF Agroecon\u00f4mica \u00e9 clara&#13;\n                            <\/p>\n<\/p><\/div>\n<div class=\"container\">\n<div class=\"row\">\n<div class=\"col-lg p-0\">\n<div>\n<div class=\"block-news-main-infos mt-3 text-start\">\n<p>                                            <strong class=\"fn\" itemprop=\"author\" style=\"color: rgb(112, 112, 112); \">&#13;<br \/>\n                                                <a href=\"https:\/\/www.agrolink.com.br\/noticias\/javascript:;\" class=\"text-uppercase\" target=\"_blank\" style=\"color: rgb(112, 112, 112); \" rel=\"noopener\">Agrolink<\/a>&#13;<br \/>\n&#13;<br \/>\n                                                    &#8211; Leonardo Gottems&#13;<br \/>\n&#13;<br \/>\n                                            <\/strong><br \/>\n                                        <\/p>\n<p>                                            <abbr><time datetime=\"2025-01-02T07:27\" itemprop=\"datePublished dateModified\">Publicado em 02\/01\/2025 \u00e0s 07:27h.<\/time><\/abbr><br \/>\n                                            <\/p><\/div>\n<\/p><\/div>\n<\/p><\/div>\n<div class=\"col-lg p-0 text-lg-end\">\n<div>\n<div id=\"mdEnviarPagina\" class=\"modal fade\" role=\"dialog\">\n<div class=\"modal-dialog\">\n<div class=\"modal-content\">\n<div class=\"modal-body\">\n<p><strong>Estimado usu\u00e1rio.<\/strong><br \/>Preencha o formul\u00e1rio abaixo para remeter a p\u00e1gina.<\/p>\n<\/p><\/div>\n<\/p><\/div>\n<\/p><\/div>\n<\/div><\/div>\n<\/p><\/div>\n<\/p><\/div>\n<\/p><\/div>\n<\/p><\/div>\n<\/p><\/div>\n<div class=\"row justify-content-md-center mt-3\">\n<div class=\"col-lg-auto col-image  block-news-main-image d-none d-md-block\">\n<p>                                <img decoding=\"async\" src=\"https:\/\/www.agrolink.com.br\/upload\/imagens-resizes\/593cce5b6772446497c5e65d1711bdbc_858x483.jpg\" class=\"lazyload \" alt=\"O cen\u00e1rio indica uma tend\u00eancia de baixa para os pre\u00e7os da soja em 2025\"\/><br \/>\n                                                <span class=\"d-block mt-1\">O cen\u00e1rio indica uma tend\u00eancia de baixa para os pre\u00e7os da soja em 2025 &#8211; Foto: USDA<\/span><\/p><\/div>\n<\/p><\/div>\n<div class=\"section-description section-description-noticias mt-3\">\n<p>Os pre\u00e7os da <a href=\"https:\/\/www.agrolink.com.br\/culturas\/soja?utm_source=agrolink-detalhe-noticia&amp;utm_medium=detalhe-noticia&amp;utm_campaign=links-internos\" target=\"_blank\" rel=\"noopener\">soja<\/a> no Brasil encerraram o ano em queda, conforme an\u00e1lise da TF Agroecon\u00f4mica, mesmo com o impulso do \u00f3leo de <a href=\"https:\/\/www.agrolink.com.br\/culturas\/soja?utm_source=agrolink-detalhe-noticia&amp;utm_medium=detalhe-noticia&amp;utm_campaign=links-internos\" target=\"_blank\" rel=\"noopener\">soja<\/a>, que registrou alta significativa de 32,16%, sustentada pela forte demanda para biocombust\u00edvel. No entanto, a press\u00e3o veio dos pre\u00e7os do farelo, que ca\u00edram 10,20% devido \u00e0 demanda mais fraca. Nos \u00faltimos 45 dias, o mercado tamb\u00e9m foi impactado pelas estimativas otimistas de produ\u00e7\u00e3o brasileira para a safra 2025\/26, com proje\u00e7\u00f5es superiores a 170 milh\u00f5es de toneladas, em contraste com previs\u00f5es mais conservadoras do USDA e da CONAB.&#13;\n<\/p>\n<p>O cen\u00e1rio indica uma tend\u00eancia de baixa para os pre\u00e7os da soja em 2025, tanto no mercado interno quanto no externo. O aumento significativo da disponibilidade brasileira, aliado a uma oferta mundial robusta, refor\u00e7a essa perspectiva. Apesar disso, os efeitos do fen\u00f4meno clim\u00e1tico La Ni\u00f1a sobre as lavouras argentinas podem reduzir ligeiramente essa oferta global.&#13;\n<\/p>\n<p>Diante desse panorama, a recomenda\u00e7\u00e3o da TF Agroecon\u00f4mica \u00e9 clara: produtores devem priorizar a venda de seus estoques o mais r\u00e1pido poss\u00edvel para evitar perdas diante da prov\u00e1vel queda nos pre\u00e7os. O mercado segue atento \u00e0s condi\u00e7\u00f5es clim\u00e1ticas e \u00e0 din\u00e2mica global de oferta e demanda para ajustar suas estrat\u00e9gias. \u201cCom isto, nossa proje\u00e7\u00e3o de pre\u00e7os para 2025 \u00e9 de baixa, tanto no mercado interno, quanto no mercado externo, diante do aumento da disponibilidade brasileira (e mundial). Eventualmente, esta disponibilidade mundial poder\u00e1 sofrer uma pequena retra\u00e7\u00e3o com os efeitos de La Ni\u00f1a sobre as lavouras argentinas, mas nossa recomenda\u00e7\u00e3o \u00e9: venda o m\u00e1ximo que voc\u00ea puder antes que os pre\u00e7os caiam\u201d, conclui.&#13;\n<\/p>\n<\/p><\/div>\n<\/p><\/div>\n<p><script data-cfasync=\"false\">\n    !function (f, b, e, v, n, t, s) {\n        if (f.fbq) return; n = f.fbq = function () {\n            n.callMethod ?\n                n.callMethod.apply(n, arguments) : n.queue.push(arguments)\n        };\n        if (!f._fbq) f._fbq = n; n.push = n; n.loaded = !0; n.version = '2.0';\n        n.queue = []; t = b.createElement(e); t.async = !0;\n        t.src = v; s = b.getElementsByTagName(e)[0];\n        s.parentNode.insertBefore(t, s)\n    }(window, document, 'script',\n        'https:\/\/connect.facebook.net\/en_US\/fbevents.js');\n    fbq('init', '522546078623747');\n    fbq('track', 'PageView');\n<\/script><br \/>\n<br \/><br \/>\n<br \/><a href=\"https:\/\/www.agrolink.com.br\/noticias\/soja--venda-o-maximo-que-puder_498072.html\">Source link <\/a><\/p>\n","protected":false},"excerpt":{"rendered":"<p>&#13; Diante desse panorama, a recomenda\u00e7\u00e3o da TF Agroecon\u00f4mica \u00e9 clara&#13; &#13; Agrolink&#13; &#13; &#8211; Leonardo Gottems&#13; &#13; Publicado em<\/p>\n","protected":false},"author":1,"featured_media":1378,"comment_status":"open","ping_status":"open","sticky":false,"template":"","format":"standard","meta":{"_monsterinsights_skip_tracking":false,"_monsterinsights_sitenote_active":false,"_monsterinsights_sitenote_note":"","_monsterinsights_sitenote_category":0,"_uf_show_specific_survey":0,"_uf_disable_surveys":false,"footnotes":""},"categories":[8,1,14],"tags":[],"class_list":["post-7420","post","type-post","status-publish","format-standard","has-post-thumbnail","hentry","category-agro","category-news","category-politica-agro"],"_links":{"self":[{"href":"https:\/\/agromt.news\/index.php?rest_route=\/wp\/v2\/posts\/7420"}],"collection":[{"href":"https:\/\/agromt.news\/index.php?rest_route=\/wp\/v2\/posts"}],"about":[{"href":"https:\/\/agromt.news\/index.php?rest_route=\/wp\/v2\/types\/post"}],"author":[{"embeddable":true,"href":"https:\/\/agromt.news\/index.php?rest_route=\/wp\/v2\/users\/1"}],"replies":[{"embeddable":true,"href":"https:\/\/agromt.news\/index.php?rest_route=%2Fwp%2Fv2%2Fcomments&post=7420"}],"version-history":[{"count":0,"href":"https:\/\/agromt.news\/index.php?rest_route=\/wp\/v2\/posts\/7420\/revisions"}],"wp:featuredmedia":[{"embeddable":true,"href":"https:\/\/agromt.news\/index.php?rest_route=\/wp\/v2\/media\/1378"}],"wp:attachment":[{"href":"https:\/\/agromt.news\/index.php?rest_route=%2Fwp%2Fv2%2Fmedia&parent=7420"}],"wp:term":[{"taxonomy":"category","embeddable":true,"href":"https:\/\/agromt.news\/index.php?rest_route=%2Fwp%2Fv2%2Fcategories&post=7420"},{"taxonomy":"post_tag","embeddable":true,"href":"https:\/\/agromt.news\/index.php?rest_route=%2Fwp%2Fv2%2Ftags&post=7420"}],"curies":[{"name":"wp","href":"https:\/\/api.w.org\/{rel}","templated":true}]}}