{"id":7409,"date":"2025-01-02T11:05:38","date_gmt":"2025-01-02T15:05:38","guid":{"rendered":"https:\/\/agromt.news\/?p=7409"},"modified":"2025-01-02T11:05:38","modified_gmt":"2025-01-02T15:05:38","slug":"amazonas-ganha-edital-de-r-10-milhoes","status":"publish","type":"post","link":"https:\/\/agromt.news\/?p=7409","title":{"rendered":"Amazonas ganha edital de R$ 10 milh\u00f5es"},"content":{"rendered":"<p> <br \/>\n<br \/><img decoding=\"async\" src=\"https:\/\/agromt.news\/wp-content\/uploads\/2025\/01\/Amazonas-ganha-edital-de-R-10-milhoes.jpg\" \/><\/p>\n<div>\n<p>Wilson Lima, governador do Amazonas, lan\u00e7ou na \u00faltima quinta-feira (26), um edital para fortalecer o setor prim\u00e1rio do estado. A proposta foi apresentada em Manacapuru (a 100 quil\u00f4metros de Manaus), durante a entrega de equipamentos a entidades rurais e a\u00e7\u00e3o de cr\u00e9dito.<\/p>\n<p>O edital visa apoiar <a href=\"https:\/\/www.agenciaamazonas.am.gov.br\/noticias\/governador-wilson-lima-lanca-edital-de-r-10-milhoes-para-o-setor-primario-e-destina-fomento-para-produtores-em-manacapuru\/\">projetos <\/a>com foco na aquisi\u00e7\u00e3o de equipamentos, materiais permanentes e de consumo, bens m\u00f3veis e servi\u00e7os de adequa\u00e7\u00e3o de espa\u00e7os f\u00edsicos.\u00a0<\/p>\n<p>Por meio do Fundo de Promo\u00e7\u00e3o Social (FPS), o <a href=\"https:\/\/www.canalrural.com.br\/nacional\/agrodefesa-abre-edital-com-30-vagas-para-medicos-veterinarios\/\">edital <\/a>permitir\u00e1\u00a0que organiza\u00e7\u00f5es da sociedade civil (OSCs) apresentem propostas de at\u00e9 R$180 mil.<\/p>\n<p>Segundo Lima, a iniciativa do edital no valor de R$ 10 milh\u00f5es, ir\u00e1 proporcionar dignidade e qualidade de vida aos trabalhadores rurais.\u00a0<\/p>\n<\/div>\n<p><br \/>\n<br \/><a href=\"https:\/\/www.canalrural.com.br\/empreendedorismo\/amazonas-ganha-edital-de-r-10-milhoes\/\">Source link <\/a><\/p>\n","protected":false},"excerpt":{"rendered":"<p>Wilson Lima, governador do Amazonas, lan\u00e7ou na \u00faltima quinta-feira (26), um edital para fortalecer o setor prim\u00e1rio do estado. A<\/p>\n","protected":false},"author":1,"featured_media":7410,"comment_status":"open","ping_status":"open","sticky":false,"template":"","format":"standard","meta":{"_monsterinsights_skip_tracking":false,"_monsterinsights_sitenote_active":false,"_monsterinsights_sitenote_note":"","_monsterinsights_sitenote_category":0,"_uf_show_specific_survey":0,"_uf_disable_surveys":false,"footnotes":""},"categories":[1],"tags":[],"class_list":["post-7409","post","type-post","status-publish","format-standard","has-post-thumbnail","hentry","category-news"],"_links":{"self":[{"href":"https:\/\/agromt.news\/index.php?rest_route=\/wp\/v2\/posts\/7409"}],"collection":[{"href":"https:\/\/agromt.news\/index.php?rest_route=\/wp\/v2\/posts"}],"about":[{"href":"https:\/\/agromt.news\/index.php?rest_route=\/wp\/v2\/types\/post"}],"author":[{"embeddable":true,"href":"https:\/\/agromt.news\/index.php?rest_route=\/wp\/v2\/users\/1"}],"replies":[{"embeddable":true,"href":"https:\/\/agromt.news\/index.php?rest_route=%2Fwp%2Fv2%2Fcomments&post=7409"}],"version-history":[{"count":0,"href":"https:\/\/agromt.news\/index.php?rest_route=\/wp\/v2\/posts\/7409\/revisions"}],"wp:featuredmedia":[{"embeddable":true,"href":"https:\/\/agromt.news\/index.php?rest_route=\/wp\/v2\/media\/7410"}],"wp:attachment":[{"href":"https:\/\/agromt.news\/index.php?rest_route=%2Fwp%2Fv2%2Fmedia&parent=7409"}],"wp:term":[{"taxonomy":"category","embeddable":true,"href":"https:\/\/agromt.news\/index.php?rest_route=%2Fwp%2Fv2%2Fcategories&post=7409"},{"taxonomy":"post_tag","embeddable":true,"href":"https:\/\/agromt.news\/index.php?rest_route=%2Fwp%2Fv2%2Ftags&post=7409"}],"curies":[{"name":"wp","href":"https:\/\/api.w.org\/{rel}","templated":true}]}}