{"id":7407,"date":"2025-01-02T10:55:25","date_gmt":"2025-01-02T14:55:25","guid":{"rendered":"https:\/\/agromt.news\/?p=7407"},"modified":"2025-01-02T10:55:25","modified_gmt":"2025-01-02T14:55:25","slug":"mercado-de-trigo-fecha-em-alta-em-chicago","status":"publish","type":"post","link":"https:\/\/agromt.news\/?p=7407","title":{"rendered":"Mercado de trigo fecha em alta em Chicago"},"content":{"rendered":"<p> <br \/>\n<\/p>\n<div>\n<div class=\"row\">\n<div class=\"col-lg col-infos mt-3 mt-lg-0\">\n<div class=\"section-sub-title\">\n<p itemprop=\"description\">&#13;<br \/>\n                                Esse desempenho contrasta com o mercado de soja&#13;\n                            <\/p>\n<\/p><\/div>\n<div class=\"container\">\n<div class=\"row\">\n<div class=\"col-lg p-0\">\n<div>\n<div class=\"block-news-main-infos mt-3 text-start\">\n<p>                                            <strong class=\"fn\" itemprop=\"author\" style=\"color: rgb(112, 112, 112); \">&#13;<br \/>\n                                                <a href=\"https:\/\/www.agrolink.com.br\/noticias\/javascript:;\" class=\"text-uppercase\" target=\"_blank\" style=\"color: rgb(112, 112, 112); \" rel=\"noopener\">Agrolink<\/a>&#13;<br \/>\n&#13;<br \/>\n                                                    &#8211; Leonardo Gottems&#13;<br \/>\n&#13;<br \/>\n                                            <\/strong><br \/>\n                                        <\/p>\n<p>                                            <abbr><time datetime=\"2025-01-02T08:32\" itemprop=\"datePublished dateModified\">Publicado em 02\/01\/2025 \u00e0s 08:32h.<\/time><\/abbr><br \/>\n                                            <\/p><\/div>\n<\/p><\/div>\n<\/p><\/div>\n<div class=\"col-lg p-0 text-lg-end\">\n<div>\n<div id=\"mdEnviarPagina\" class=\"modal fade\" role=\"dialog\">\n<div class=\"modal-dialog\">\n<div class=\"modal-content\">\n<div class=\"modal-body\">\n<p><strong>Estimado usu\u00e1rio.<\/strong><br \/>Preencha o formul\u00e1rio abaixo para remeter a p\u00e1gina.<\/p>\n<\/p><\/div>\n<\/p><\/div>\n<\/p><\/div>\n<\/div><\/div>\n<\/p><\/div>\n<\/p><\/div>\n<\/p><\/div>\n<\/p><\/div>\n<\/p><\/div>\n<div class=\"row justify-content-md-center mt-3\">\n<div class=\"col-lg-auto col-image  block-news-main-image d-none d-md-block\">\n<p>                                <img decoding=\"async\" src=\"https:\/\/www.agrolink.com.br\/upload\/imagens-resizes\/113363568a7e4d8882d5e7039794b1fa_858x483.jpg\" class=\"lazyload \" alt=\"No mercado interno, o trigo mostrou desempenho expressivo ao longo de 2024\"\/><br \/>\n                                                <span class=\"d-block mt-1\">No mercado interno, o trigo mostrou desempenho expressivo ao longo de 2024 &#8211; Foto: Agrolink<\/span><\/p><\/div>\n<\/p><\/div>\n<div class=\"section-description section-description-noticias mt-3\">\n<p>De acordo com dados divulgados pela TF Agroecon\u00f4mica, o mercado de <a href=\"https:\/\/www.agrolink.com.br\/culturas\/trigo\/?utm_source=agrolink-detalhe-noticia&amp;utm_medium=detalhe-noticia&amp;utm_campaign=links-internos\" target=\"_blank\" rel=\"noopener\">trigo<\/a> encerrou o \u00faltimo dia \u00fatil com alta nos contratos futuros em Chicago, al\u00e9m de fechar o acumulado de 2024 em patamares superiores ao ano anterior. O contrato de mar\u00e7o do <a href=\"https:\/\/www.agrolink.com.br\/culturas\/trigo\/?utm_source=agrolink-detalhe-noticia&amp;utm_medium=detalhe-noticia&amp;utm_campaign=links-internos\" target=\"_blank\" rel=\"noopener\">trigo<\/a> brando SRW de Chicago, relevante para produtores e exportadores brasileiros, subiu 0,59%, fechando a $551,50 por bushel. O contrato de maio registrou alta de 0,63%, cotado a $562,50. Na Euronext de Paris, o <a href=\"https:\/\/www.agrolink.com.br\/culturas\/trigo\/?utm_source=agrolink-detalhe-noticia&amp;utm_medium=detalhe-noticia&amp;utm_campaign=links-internos\" target=\"_blank\" rel=\"noopener\">trigo<\/a> para moagem tamb\u00e9m apresentou eleva\u00e7\u00e3o de 1,28%, encerrando a 237,25 euros por tonelada. \u00a0&#13;\n<\/p>\n<p>No mercado interno, o trigo mostrou desempenho expressivo ao longo de 2024. Os pre\u00e7os no Rio Grande do Sul avan\u00e7aram 2,48%, enquanto no Paran\u00e1, a valoriza\u00e7\u00e3o foi ainda maior, atingindo 10,66%. O farelo de trigo destacou-se como o produto com maior varia\u00e7\u00e3o nominal, registrando alta de 26,31% no ano, ocupando o terceiro lugar entre os produtos agr\u00edcolas acompanhados pela TF Agroecon\u00f4mica. \u00a0<\/p>\n<p>Esse desempenho contrasta com o mercado de soja, que encerrou 2024 com uma queda de 2,41% nos pre\u00e7os em rela\u00e7\u00e3o ao final de 2023. A resili\u00eancia do trigo, especialmente no mercado interno, reflete uma combina\u00e7\u00e3o de fatores como demanda por subprodutos, varia\u00e7\u00f5es cambiais e condi\u00e7\u00f5es clim\u00e1ticas favor\u00e1veis para a safra no Brasil. \u00a0&#13;\n<\/p>\n<p>O fechamento em alta no mercado internacional, somado ao fortalecimento dos pre\u00e7os no mercado dom\u00e9stico, evidencia a competitividade do trigo brasileiro em um cen\u00e1rio de desafios econ\u00f4micos globais e locais. Os dados ressaltam a import\u00e2ncia de monitorar de perto as cota\u00e7\u00f5es para estrat\u00e9gias de comercializa\u00e7\u00e3o em 2025.<br \/>&#13;<br \/>\n\u00a0<\/p>\n<\/p><\/div>\n<\/p><\/div>\n<p><script data-cfasync=\"false\">\n    !function (f, b, e, v, n, t, s) {\n        if (f.fbq) return; n = f.fbq = function () {\n            n.callMethod ?\n                n.callMethod.apply(n, arguments) : n.queue.push(arguments)\n        };\n        if (!f._fbq) f._fbq = n; n.push = n; n.loaded = !0; n.version = '2.0';\n        n.queue = []; t = b.createElement(e); t.async = !0;\n        t.src = v; s = b.getElementsByTagName(e)[0];\n        s.parentNode.insertBefore(t, s)\n    }(window, document, 'script',\n        'https:\/\/connect.facebook.net\/en_US\/fbevents.js');\n    fbq('init', '522546078623747');\n    fbq('track', 'PageView');\n<\/script><br \/>\n<br \/><br \/>\n<br \/><a href=\"https:\/\/www.agrolink.com.br\/noticias\/mercado-de-trigo-fecha-em-alta-em-chicago_498074.html\">Source link <\/a><\/p>\n","protected":false},"excerpt":{"rendered":"<p>&#13; Esse desempenho contrasta com o mercado de soja&#13; &#13; Agrolink&#13; &#13; &#8211; Leonardo Gottems&#13; &#13; Publicado em 02\/01\/2025 \u00e0s<\/p>\n","protected":false},"author":1,"featured_media":7408,"comment_status":"open","ping_status":"open","sticky":false,"template":"","format":"standard","meta":{"_monsterinsights_skip_tracking":false,"_monsterinsights_sitenote_active":false,"_monsterinsights_sitenote_note":"","_monsterinsights_sitenote_category":0,"_uf_show_specific_survey":0,"_uf_disable_surveys":false,"footnotes":""},"categories":[8,1,14],"tags":[],"class_list":["post-7407","post","type-post","status-publish","format-standard","has-post-thumbnail","hentry","category-agro","category-news","category-politica-agro"],"_links":{"self":[{"href":"https:\/\/agromt.news\/index.php?rest_route=\/wp\/v2\/posts\/7407"}],"collection":[{"href":"https:\/\/agromt.news\/index.php?rest_route=\/wp\/v2\/posts"}],"about":[{"href":"https:\/\/agromt.news\/index.php?rest_route=\/wp\/v2\/types\/post"}],"author":[{"embeddable":true,"href":"https:\/\/agromt.news\/index.php?rest_route=\/wp\/v2\/users\/1"}],"replies":[{"embeddable":true,"href":"https:\/\/agromt.news\/index.php?rest_route=%2Fwp%2Fv2%2Fcomments&post=7407"}],"version-history":[{"count":0,"href":"https:\/\/agromt.news\/index.php?rest_route=\/wp\/v2\/posts\/7407\/revisions"}],"wp:featuredmedia":[{"embeddable":true,"href":"https:\/\/agromt.news\/index.php?rest_route=\/wp\/v2\/media\/7408"}],"wp:attachment":[{"href":"https:\/\/agromt.news\/index.php?rest_route=%2Fwp%2Fv2%2Fmedia&parent=7407"}],"wp:term":[{"taxonomy":"category","embeddable":true,"href":"https:\/\/agromt.news\/index.php?rest_route=%2Fwp%2Fv2%2Fcategories&post=7407"},{"taxonomy":"post_tag","embeddable":true,"href":"https:\/\/agromt.news\/index.php?rest_route=%2Fwp%2Fv2%2Ftags&post=7407"}],"curies":[{"name":"wp","href":"https:\/\/api.w.org\/{rel}","templated":true}]}}