{"id":7401,"date":"2025-01-02T08:49:45","date_gmt":"2025-01-02T12:49:45","guid":{"rendered":"https:\/\/agromt.news\/?p=7401"},"modified":"2025-01-02T08:49:45","modified_gmt":"2025-01-02T12:49:45","slug":"novo-salario-minimo-entra-em-vigor-entenda-os-impactos-na-economia","status":"publish","type":"post","link":"https:\/\/agromt.news\/?p=7401","title":{"rendered":"Novo sal\u00e1rio m\u00ednimo entra em vigor; entenda os impactos na economia"},"content":{"rendered":"<p> <br \/>\n<br \/><img decoding=\"async\" src=\"https:\/\/agromt.news\/wp-content\/uploads\/2025\/01\/Novo-salario-minimo-entra-em-vigor-entenda-os-impactos-na.jpg\" \/><\/p>\n<div>\n<p>Entrou em vigor ontem (1\u00ba de janeiro) o novo valor de R$ 1.518,00 para o sal\u00e1rio m\u00ednimo \u2013 um aumento de R$ 106,00 em rela\u00e7\u00e3o a 2024 (R$ 1.412,00). Segundo o governo, o valor incorpora a reposi\u00e7\u00e3o de 4,84% da <strong><a href=\"https:\/\/www.canalrural.com.br\/tag\/inflacao\/\">infla\u00e7\u00e3o<\/a><\/strong> de 12 meses, apurada em novembro do ano passado (\u00cdndice Nacional de Pre\u00e7os ao Consumidor), e mais 2,5% de ganho real.<\/p>\n<p>O sal\u00e1rio m\u00ednimo est\u00e1 de acordo com a nova regra aprovada pelo <strong><a href=\"https:\/\/www.canalrural.com.br\/tag\/congressonacional\/\">Congresso Nacional<\/a><\/strong>, que condiciona a atualiza\u00e7\u00e3o do valor aos limites definidos pelo novo arcabou\u00e7o fiscal. Por essa nova norma \u2013 v\u00e1lida at\u00e9 2030 \u2013 o sal\u00e1rio m\u00ednimo ter\u00e1 ganho real de 0,6% a 2,5%.<\/p>\n<p>O reajuste vai afetar a remunera\u00e7\u00e3o de 59 milh\u00f5es de pessoas que t\u00eam o rendimento ligado ao valor do sal\u00e1rio m\u00ednimo, como empregados formais, trabalhadores dom\u00e9sticos, empregadores, trabalhadores por conta pr\u00f3pria e benefici\u00e1rios do <strong><a href=\"https:\/\/www.canalrural.com.br\/tag\/inss\/\">Instituto Nacional do Seguro Social (INSS)<\/a><\/strong>.<\/p>\n<\/div>\n<div>\n<h2 class=\"wp-block-heading\" id=\"h-despesas\">Despesas<\/h2>\n<p>O valor do sal\u00e1rio m\u00ednimo tem impacto direto nas contas do governo federal, como os pagamentos \u00e0s pessoas aposentadas ou pensionistas, cerca de 19 milh\u00f5es; a quem tem direito ao Benef\u00edcio de Presta\u00e7\u00e3o Continuada (BPC), mais de 4,7 milh\u00f5es; aos trabalhadores com carteira dispensados do servi\u00e7o, cerca de 7,35 milh\u00f5es que acionaram o seguro-desemprego (dado de julho de 2024); e aos trabalhadores que t\u00eam direito ao abono salarial (PIS-Pasep), cerca de 240 mil pessoas no ano passado.<\/p>\n<p>Um estudo feito pela empresa Tend\u00eancias Consultoria, de S\u00e3o Paulo, estima que a nova pol\u00edtica de reajuste do sal\u00e1rio m\u00ednimo vai gerar R$ 110 bilh\u00f5es de economia nos gastos p\u00fablicos at\u00e9 2030, sendo que R$ 2 bilh\u00f5es est\u00e3o previstos para 2025.<\/p>\n<p>O sal\u00e1rio m\u00ednimo no Brasil foi criado em 1936, durante o governo do ex-presidente Get\u00falio Vargas.<\/p>\n<\/p><\/div>\n<p><br \/>\n<br \/><a href=\"https:\/\/www.canalrural.com.br\/economia\/novo-salario-minimo-entra-em-vigor-entenda-os-impactos-na-economia\/\">Source link <\/a><\/p>\n","protected":false},"excerpt":{"rendered":"<p>Entrou em vigor ontem (1\u00ba de janeiro) o novo valor de R$ 1.518,00 para o sal\u00e1rio m\u00ednimo \u2013 um aumento<\/p>\n","protected":false},"author":1,"featured_media":7402,"comment_status":"open","ping_status":"open","sticky":false,"template":"","format":"standard","meta":{"_monsterinsights_skip_tracking":false,"_monsterinsights_sitenote_active":false,"_monsterinsights_sitenote_note":"","_monsterinsights_sitenote_category":0,"_uf_show_specific_survey":0,"_uf_disable_surveys":false,"footnotes":""},"categories":[1],"tags":[],"class_list":["post-7401","post","type-post","status-publish","format-standard","has-post-thumbnail","hentry","category-news"],"_links":{"self":[{"href":"https:\/\/agromt.news\/index.php?rest_route=\/wp\/v2\/posts\/7401"}],"collection":[{"href":"https:\/\/agromt.news\/index.php?rest_route=\/wp\/v2\/posts"}],"about":[{"href":"https:\/\/agromt.news\/index.php?rest_route=\/wp\/v2\/types\/post"}],"author":[{"embeddable":true,"href":"https:\/\/agromt.news\/index.php?rest_route=\/wp\/v2\/users\/1"}],"replies":[{"embeddable":true,"href":"https:\/\/agromt.news\/index.php?rest_route=%2Fwp%2Fv2%2Fcomments&post=7401"}],"version-history":[{"count":0,"href":"https:\/\/agromt.news\/index.php?rest_route=\/wp\/v2\/posts\/7401\/revisions"}],"wp:featuredmedia":[{"embeddable":true,"href":"https:\/\/agromt.news\/index.php?rest_route=\/wp\/v2\/media\/7402"}],"wp:attachment":[{"href":"https:\/\/agromt.news\/index.php?rest_route=%2Fwp%2Fv2%2Fmedia&parent=7401"}],"wp:term":[{"taxonomy":"category","embeddable":true,"href":"https:\/\/agromt.news\/index.php?rest_route=%2Fwp%2Fv2%2Fcategories&post=7401"},{"taxonomy":"post_tag","embeddable":true,"href":"https:\/\/agromt.news\/index.php?rest_route=%2Fwp%2Fv2%2Ftags&post=7401"}],"curies":[{"name":"wp","href":"https:\/\/api.w.org\/{rel}","templated":true}]}}