{"id":7400,"date":"2025-01-02T08:40:15","date_gmt":"2025-01-02T12:40:15","guid":{"rendered":"https:\/\/agromt.news\/?p=7400"},"modified":"2025-01-02T08:40:15","modified_gmt":"2025-01-02T12:40:15","slug":"real-encerra-2024-com-desvalorizacao-historica","status":"publish","type":"post","link":"https:\/\/agromt.news\/?p=7400","title":{"rendered":"Real encerra 2024 com desvaloriza\u00e7\u00e3o hist\u00f3rica"},"content":{"rendered":"<p> <br \/>\n<\/p>\n<div>\n<div class=\"row\">\n<div class=\"col-lg col-infos mt-3 mt-lg-0\">\n<div class=\"section-sub-title\">\n<p itemprop=\"description\">&#13;<br \/>\n                                Elei\u00e7\u00e3o de Trump influenciou o d\u00f3lar&#13;\n                            <\/p>\n<\/p><\/div>\n<div class=\"container\">\n<div class=\"row\">\n<div class=\"col-lg p-0\">\n<div>\n<div class=\"block-news-main-infos mt-3 text-start\">\n<p>                                            <strong class=\"fn\" itemprop=\"author\" style=\"color: rgb(112, 112, 112); \">&#13;<br \/>\n                                                <a href=\"https:\/\/www.agrolink.com.br\/noticias\/javascript:;\" class=\"text-uppercase\" target=\"_blank\" style=\"color: rgb(112, 112, 112); \" rel=\"noopener\">Agrolink<\/a>&#13;<br \/>\n&#13;<br \/>\n                                                    &#8211; Leonardo Gottems&#13;<br \/>\n&#13;<br \/>\n                                            <\/strong><br \/>\n                                        <\/p>\n<p>                                            <abbr><time datetime=\"2025-01-02T09:00\" itemprop=\"datePublished dateModified\">Publicado em 02\/01\/2025 \u00e0s 09:00h.<\/time><\/abbr><br \/>\n                                            <\/p><\/div>\n<\/p><\/div>\n<\/p><\/div>\n<div class=\"col-lg p-0 text-lg-end\">\n<div>\n<div id=\"mdEnviarPagina\" class=\"modal fade\" role=\"dialog\">\n<div class=\"modal-dialog\">\n<div class=\"modal-content\">\n<div class=\"modal-body\">\n<p><strong>Estimado usu\u00e1rio.<\/strong><br \/>Preencha o formul\u00e1rio abaixo para remeter a p\u00e1gina.<\/p>\n<\/p><\/div>\n<\/p><\/div>\n<\/p><\/div>\n<\/div><\/div>\n<\/p><\/div>\n<\/p><\/div>\n<\/p><\/div>\n<\/p><\/div>\n<\/p><\/div>\n<div class=\"row justify-content-md-center mt-3\">\n<div class=\"col-lg-auto col-image  block-news-main-image d-none d-md-block\">\n<p>                                <img decoding=\"async\" src=\"https:\/\/www.agrolink.com.br\/upload\/imagens-resizes\/5facbc89ec9f49aebc274362906a3642_858x483.jpg\" class=\"lazyload \" alt=\"Al\u00e9m dos fatores externos, a desvaloriza\u00e7\u00e3o do real tamb\u00e9m foi impulsionada por quest\u00f5es dom\u00e9sticas\"\/><br \/>\n                                                <span class=\"d-block mt-1\">Al\u00e9m dos fatores externos, a desvaloriza\u00e7\u00e3o do real tamb\u00e9m foi impulsionada por quest\u00f5es dom\u00e9sticas &#8211; Foto: Pixabay<\/span><\/p><\/div>\n<\/p><\/div>\n<div class=\"section-description section-description-noticias mt-3\">\n<p>O c\u00e2mbio brasileiro vivenciou um ano de alta volatilidade e encerrou 2024 com uma desvaloriza\u00e7\u00e3o de 21,82% em rela\u00e7\u00e3o ao d\u00f3lar Ptax, a taxa de refer\u00eancia para contratos denominados em real em bolsas de mercadorias no exterior. Esse desempenho coloca o real como a moeda mais desvalorizada entre 27 economias analisadas pela consultoria Elos Ayta. Trata-se do pior resultado para a moeda brasileira desde 2020 e da terceira maior queda nominal desde 2010, superado apenas pelos anos de 2015 (-31,98%) e 2020 (-22,44%). \u00a0&#13;\n<\/p>\n<p>Nesse contexto, o analista da Elos Ayta, Einar Riverno, destaca que esse desempenho reflete os desafios econ\u00f4micos enfrentados pelo Brasil em um contexto global adverso e com incertezas internas. Em \u00e2mbito internacional, a vit\u00f3ria de Donald Trump nas elei\u00e7\u00f5es para a presid\u00eancia dos Estados Unidos gerou expectativas de pol\u00edticas protecionistas, o que fortaleceu a economia norte-americana, a infla\u00e7\u00e3o no pa\u00eds e, consequentemente, o d\u00f3lar, que \u00e9 sua moeda. \u00a0&#13;\n<\/p>\n<p>Al\u00e9m dos fatores externos, a desvaloriza\u00e7\u00e3o do real tamb\u00e9m foi impulsionada por quest\u00f5es dom\u00e9sticas. O pacote fiscal anunciado pelo governo no final de 2024 gerou preocupa\u00e7\u00f5es entre investidores, provocando um \u00eaxodo de capitais e pressionando ainda mais a moeda brasileira. Riverno afirma que, para 2025, a recupera\u00e7\u00e3o do real depender\u00e1 de reformas estruturais que atraiam investimentos, al\u00e9m de um ambiente externo mais favor\u00e1vel. \u00c9 essencial que o governo sinalize seu compromisso com a disciplina fiscal e adote medidas concretas para conter a infla\u00e7\u00e3o e promover o crescimento sustent\u00e1vel.&#13;\n<\/p>\n<\/p><\/div>\n<\/p><\/div>\n<p><script data-cfasync=\"false\">\n    !function (f, b, e, v, n, t, s) {\n        if (f.fbq) return; n = f.fbq = function () {\n            n.callMethod ?\n                n.callMethod.apply(n, arguments) : n.queue.push(arguments)\n        };\n        if (!f._fbq) f._fbq = n; n.push = n; n.loaded = !0; n.version = '2.0';\n        n.queue = []; t = b.createElement(e); t.async = !0;\n        t.src = v; s = b.getElementsByTagName(e)[0];\n        s.parentNode.insertBefore(t, s)\n    }(window, document, 'script',\n        'https:\/\/connect.facebook.net\/en_US\/fbevents.js');\n    fbq('init', '522546078623747');\n    fbq('track', 'PageView');\n<\/script><br \/>\n<br \/><br \/>\n<br \/><a href=\"https:\/\/www.agrolink.com.br\/noticias\/real-encerra-2024-com-desvalorizacao-historica_498075.html\">Source link <\/a><\/p>\n","protected":false},"excerpt":{"rendered":"<p>&#13; Elei\u00e7\u00e3o de Trump influenciou o d\u00f3lar&#13; &#13; Agrolink&#13; &#13; &#8211; Leonardo Gottems&#13; &#13; Publicado em 02\/01\/2025 \u00e0s 09:00h. Estimado<\/p>\n","protected":false},"author":1,"featured_media":6731,"comment_status":"open","ping_status":"open","sticky":false,"template":"","format":"standard","meta":{"_monsterinsights_skip_tracking":false,"_monsterinsights_sitenote_active":false,"_monsterinsights_sitenote_note":"","_monsterinsights_sitenote_category":0,"_uf_show_specific_survey":0,"_uf_disable_surveys":false,"footnotes":""},"categories":[8,1,14],"tags":[],"class_list":["post-7400","post","type-post","status-publish","format-standard","has-post-thumbnail","hentry","category-agro","category-news","category-politica-agro"],"_links":{"self":[{"href":"https:\/\/agromt.news\/index.php?rest_route=\/wp\/v2\/posts\/7400"}],"collection":[{"href":"https:\/\/agromt.news\/index.php?rest_route=\/wp\/v2\/posts"}],"about":[{"href":"https:\/\/agromt.news\/index.php?rest_route=\/wp\/v2\/types\/post"}],"author":[{"embeddable":true,"href":"https:\/\/agromt.news\/index.php?rest_route=\/wp\/v2\/users\/1"}],"replies":[{"embeddable":true,"href":"https:\/\/agromt.news\/index.php?rest_route=%2Fwp%2Fv2%2Fcomments&post=7400"}],"version-history":[{"count":0,"href":"https:\/\/agromt.news\/index.php?rest_route=\/wp\/v2\/posts\/7400\/revisions"}],"wp:featuredmedia":[{"embeddable":true,"href":"https:\/\/agromt.news\/index.php?rest_route=\/wp\/v2\/media\/6731"}],"wp:attachment":[{"href":"https:\/\/agromt.news\/index.php?rest_route=%2Fwp%2Fv2%2Fmedia&parent=7400"}],"wp:term":[{"taxonomy":"category","embeddable":true,"href":"https:\/\/agromt.news\/index.php?rest_route=%2Fwp%2Fv2%2Fcategories&post=7400"},{"taxonomy":"post_tag","embeddable":true,"href":"https:\/\/agromt.news\/index.php?rest_route=%2Fwp%2Fv2%2Ftags&post=7400"}],"curies":[{"name":"wp","href":"https:\/\/api.w.org\/{rel}","templated":true}]}}