{"id":7398,"date":"2025-01-02T04:37:12","date_gmt":"2025-01-02T08:37:12","guid":{"rendered":"https:\/\/agromt.news\/?p=7398"},"modified":"2025-01-02T04:37:12","modified_gmt":"2025-01-02T08:37:12","slug":"nova-frente-fria-causa-temporais-localizados-em-regiao-brasileira","status":"publish","type":"post","link":"https:\/\/agromt.news\/?p=7398","title":{"rendered":"Nova frente fria causa temporais localizados em regi\u00e3o brasileira"},"content":{"rendered":"<p> <br \/>\n<br \/><img decoding=\"async\" src=\"https:\/\/agromt.news\/wp-content\/uploads\/2025\/01\/Nova-frente-fria-causa-temporais-localizados-em-regiao-brasileira.jpg\" \/><\/p>\n<div>\n<p>O segundo dia de 2025 \u00e9 marcado pela chegada de uma nova <strong><a href=\"https:\/\/www.canalrural.com.br\/tag\/frente-fria\/\">frente fria<\/a><\/strong> no Sul e por instabilidades em grande parte do pa\u00eds. Temporais tamb\u00e9m atingem o Centro-Oeste. Contudo, o tempo abafado n\u00e3o deixa de se fazer presente na maioria dos estados. Confira a previs\u00e3o:<\/p>\n<h2 class=\"wp-block-heading\" id=\"h-sul\">Sul<\/h2>\n<p>Uma nova frente fria come\u00e7a a se deslocar pela Regi\u00e3o, provocando chuva nos tr\u00eas estados. Pode chover forte e n\u00e3o se descarta alguns temporais localizados. As temperaturas v\u00e3o seguir elevadas e o tempo fica abafado.<\/p>\n<h2 class=\"wp-block-heading\" id=\"h-sudeste\">Sudeste<\/h2>\n<p>Tempo segue inst\u00e1vel e com pancadas de chuva em toda a Regi\u00e3o. Chove a qualquer hora no Esp\u00edrito Santo e em \u00e1reas do centro-norte de Minas Gerais. Em S\u00e3o Paulo e no Rio de Janeiro, pancadas de chuva isolada, mas que podem ser mais intensas pelo interior paulista.<\/p>\n<h2 class=\"wp-block-heading\" id=\"h-centro-oeste\">Centro-Oeste<\/h2>\n<p>A chuva ganha intensidade em Mato Grosso do Sul, onde pode chover forte e a qualquer hora do dia. Em Mato Grosso e Goi\u00e1s, as pancadas de chuva acontecem ao longo do dia, alternando entre moderada a forte.<\/p>\n<\/div>\n<div>\n<h2 class=\"wp-block-heading\" id=\"h-nordeste\">Nordeste<\/h2>\n<p>Chuva isolada pela costa da Regi\u00e3o Nordeste, especialmente durante a tarde. No interior o predom\u00ednio \u00e9 de tempo firme. No Maranh\u00e3o e no Piau\u00ed, o dia deve ter mais nebulosidade e chove fraco em \u00e1reas da metade oeste e sudoeste maranhense e no oeste piauiense.<\/p>\n<h2 class=\"wp-block-heading\" id=\"h-norte\">Norte<\/h2>\n<p>Pancadas de chuva alternadas com per\u00edodos de melhoria est\u00e3o previstas para todos os estados da Regi\u00e3o. Pode chover forte e n\u00e3o se descartam alguns temporais no Amazonas, Par\u00e1, Roraima e Amap\u00e1. Em Bel\u00e9m, no Par\u00e1, as pancadas de chuva podem vir acompanhadas por trovoadas.<\/p>\n<\/p><\/div>\n<p><br \/>\n<br \/><a href=\"https:\/\/www.canalrural.com.br\/tempo\/nova-frente-fria-causa-temporais-localizados-em-regiao-brasileira\/\">Source link <\/a><\/p>\n","protected":false},"excerpt":{"rendered":"<p>O segundo dia de 2025 \u00e9 marcado pela chegada de uma nova frente fria no Sul e por instabilidades em<\/p>\n","protected":false},"author":1,"featured_media":7399,"comment_status":"open","ping_status":"open","sticky":false,"template":"","format":"standard","meta":{"_monsterinsights_skip_tracking":false,"_monsterinsights_sitenote_active":false,"_monsterinsights_sitenote_note":"","_monsterinsights_sitenote_category":0,"_uf_show_specific_survey":0,"_uf_disable_surveys":false,"footnotes":""},"categories":[1],"tags":[],"class_list":["post-7398","post","type-post","status-publish","format-standard","has-post-thumbnail","hentry","category-news"],"_links":{"self":[{"href":"https:\/\/agromt.news\/index.php?rest_route=\/wp\/v2\/posts\/7398"}],"collection":[{"href":"https:\/\/agromt.news\/index.php?rest_route=\/wp\/v2\/posts"}],"about":[{"href":"https:\/\/agromt.news\/index.php?rest_route=\/wp\/v2\/types\/post"}],"author":[{"embeddable":true,"href":"https:\/\/agromt.news\/index.php?rest_route=\/wp\/v2\/users\/1"}],"replies":[{"embeddable":true,"href":"https:\/\/agromt.news\/index.php?rest_route=%2Fwp%2Fv2%2Fcomments&post=7398"}],"version-history":[{"count":0,"href":"https:\/\/agromt.news\/index.php?rest_route=\/wp\/v2\/posts\/7398\/revisions"}],"wp:featuredmedia":[{"embeddable":true,"href":"https:\/\/agromt.news\/index.php?rest_route=\/wp\/v2\/media\/7399"}],"wp:attachment":[{"href":"https:\/\/agromt.news\/index.php?rest_route=%2Fwp%2Fv2%2Fmedia&parent=7398"}],"wp:term":[{"taxonomy":"category","embeddable":true,"href":"https:\/\/agromt.news\/index.php?rest_route=%2Fwp%2Fv2%2Fcategories&post=7398"},{"taxonomy":"post_tag","embeddable":true,"href":"https:\/\/agromt.news\/index.php?rest_route=%2Fwp%2Fv2%2Ftags&post=7398"}],"curies":[{"name":"wp","href":"https:\/\/api.w.org\/{rel}","templated":true}]}}