{"id":7395,"date":"2025-01-02T00:55:25","date_gmt":"2025-01-02T04:55:25","guid":{"rendered":"https:\/\/agromt.news\/?p=7395"},"modified":"2025-01-02T00:55:25","modified_gmt":"2025-01-02T04:55:25","slug":"europa-enfrenta-seca-impactando-cultivos-de-inverno","status":"publish","type":"post","link":"https:\/\/agromt.news\/?p=7395","title":{"rendered":"Europa enfrenta seca, impactando cultivos de inverno"},"content":{"rendered":"<p> <br \/>\n<\/p>\n<div>\n<div class=\"row\">\n<div class=\"col-lg col-infos mt-3 mt-lg-0\">\n<div class=\"section-sub-title\">\n<p itemprop=\"description\">&#13;<br \/>\n                                Temperaturas acima da m\u00e9dia desafiam lavouras de inverno&#13;\n                            <\/p>\n<\/p><\/div>\n<div class=\"container\">\n<div class=\"row\">\n<div class=\"col-lg p-0\">\n<div>\n<div class=\"block-news-main-infos mt-3 text-start\">\n<p>                                            <strong class=\"fn\" itemprop=\"author\" style=\"color: rgb(112, 112, 112); \">&#13;<br \/>\n                                                <a href=\"https:\/\/www.agrolink.com.br\/noticias\/javascript:;\" class=\"text-uppercase\" target=\"_blank\" style=\"color: rgb(112, 112, 112); \" rel=\"noopener\">Agrolink<\/a>&#13;<br \/>\n&#13;<br \/>\n                                                    &#8211; Seane Lennon&#13;<br \/>\n&#13;<br \/>\n                                            <\/strong><br \/>\n                                        <\/p>\n<p>                                            <abbr><time datetime=\"2024-12-31T13:47\" itemprop=\"datePublished dateModified\">Publicado em 31\/12\/2024 \u00e0s 13:47h.<\/time><\/abbr><br \/>\n                                            <\/p><\/div>\n<\/p><\/div>\n<\/p><\/div>\n<div class=\"col-lg p-0 text-lg-end\">\n<div>\n<div id=\"mdEnviarPagina\" class=\"modal fade\" role=\"dialog\">\n<div class=\"modal-dialog\">\n<div class=\"modal-content\">\n<div class=\"modal-body\">\n<p><strong>Estimado usu\u00e1rio.<\/strong><br \/>Preencha o formul\u00e1rio abaixo para remeter a p\u00e1gina.<\/p>\n<\/p><\/div>\n<\/p><\/div>\n<\/p><\/div>\n<\/div><\/div>\n<\/p><\/div>\n<\/p><\/div>\n<\/p><\/div>\n<\/p><\/div>\n<\/p><\/div>\n<div class=\"row justify-content-md-center mt-3\">\n<div class=\"col-lg-auto col-image  block-news-main-image d-none d-md-block\">\n<p>                                <img decoding=\"async\" src=\"https:\/\/www.agrolink.com.br\/upload\/imagens-resizes\/34412884e2a042d58015fef605bb40b2_858x483.jpg\" class=\"lazyload \"\/><br \/>\n                                                <span class=\"publicity-photo d-block mt-1\">Foto: Pixabay<\/span><\/p><\/div>\n<\/p><\/div>\n<div class=\"section-description section-description-noticias mt-3\">\n<p style=\"text-align:justify\">O boletim semanal Weekly Weather and Crop Bulletin, divulgado na \u00faltima quinta-feira (26) pelo Departamento de Agricultura dos Estados Unidos (USDA), revelou que o clima na Europa durante o per\u00edodo de monitoramento foi marcado por chuvas generalizadas e temperaturas acima da m\u00e9dia, mas a seca de curto prazo continua preocupando produtores na Espanha e em partes da Hungria.&#13;\n<\/p>\n<p style=\"text-align:justify\">De acordo com os \u00faltimos dados clim\u00e1ticos, a maior parte do continente registrou volumes de chuva entre 5 e 40 mm por semana, abrangendo regi\u00f5es da Inglaterra e Fran\u00e7a at\u00e9 o leste europeu. No entanto, a escassez de chuvas desde novembro reduziu a umidade do solo na Espanha, comprometendo a emerg\u00eancia e o estabelecimento de culturas de inverno.&#13;\n<\/p>\n<p style=\"text-align:justify\">A situa\u00e7\u00e3o tamb\u00e9m \u00e9 cr\u00edtica no sudoeste da Hungria (Transdan\u00fabia), onde a seca extrema permanece localizada. Desde 1\u00ba de outubro, a regi\u00e3o acumulou apenas 34% do volume de chuvas esperado, tornando este o per\u00edodo mais seco dos \u00faltimos 30 anos.<\/p>\n<p style=\"text-align:justify\">Outro destaque foi o aumento das temperaturas, que ficaram 2 a 7\u00b0C acima do normal na maior parte do centro, norte e leste da Europa. Apenas a por\u00e7\u00e3o sudoeste do continente registrou valores pr\u00f3ximos \u00e0 m\u00e9dia hist\u00f3rica.<\/p>\n<p style=\"text-align:justify\">A aus\u00eancia de cobertura de neve nas principais \u00e1reas de cultivo de inverno levanta preocupa\u00e7\u00f5es sobre a exposi\u00e7\u00e3o das lavouras, embora as m\u00ednimas tenham permanecido acima dos n\u00edveis que causariam danos por congelamento ou morte de plantas.<\/p>\n<p style=\"text-align:justify\">Produtores europeus monitoram de perto o impacto dessas condi\u00e7\u00f5es clim\u00e1ticas, especialmente nas culturas de gr\u00e3os. A falta de umidade na Espanha e na Hungria pode comprometer o rendimento das lavouras de inverno, enquanto as temperaturas elevadas trazem incertezas sobre a resist\u00eancia das planta\u00e7\u00f5es frente ao inverno que se aproxima, conforme os dados do USDA.&#13;\n<\/p>\n<\/p><\/div>\n<\/p><\/div>\n<p><script data-cfasync=\"false\">\n    !function (f, b, e, v, n, t, s) {\n        if (f.fbq) return; n = f.fbq = function () {\n            n.callMethod ?\n                n.callMethod.apply(n, arguments) : n.queue.push(arguments)\n        };\n        if (!f._fbq) f._fbq = n; n.push = n; n.loaded = !0; n.version = '2.0';\n        n.queue = []; t = b.createElement(e); t.async = !0;\n        t.src = v; s = b.getElementsByTagName(e)[0];\n        s.parentNode.insertBefore(t, s)\n    }(window, document, 'script',\n        'https:\/\/connect.facebook.net\/en_US\/fbevents.js');\n    fbq('init', '522546078623747');\n    fbq('track', 'PageView');\n<\/script><br \/>\n<br \/><br \/>\n<br \/><a href=\"https:\/\/www.agrolink.com.br\/noticias\/europa-enfrenta-seca--impactando-cultivos-de-inverno_498055.html\">Source link <\/a><\/p>\n","protected":false},"excerpt":{"rendered":"<p>&#13; Temperaturas acima da m\u00e9dia desafiam lavouras de inverno&#13; &#13; Agrolink&#13; &#13; &#8211; Seane Lennon&#13; &#13; Publicado em 31\/12\/2024 \u00e0s<\/p>\n","protected":false},"author":1,"featured_media":7396,"comment_status":"open","ping_status":"open","sticky":false,"template":"","format":"standard","meta":{"_monsterinsights_skip_tracking":false,"_monsterinsights_sitenote_active":false,"_monsterinsights_sitenote_note":"","_monsterinsights_sitenote_category":0,"_uf_show_specific_survey":0,"_uf_disable_surveys":false,"footnotes":""},"categories":[8,1,14],"tags":[],"class_list":["post-7395","post","type-post","status-publish","format-standard","has-post-thumbnail","hentry","category-agro","category-news","category-politica-agro"],"_links":{"self":[{"href":"https:\/\/agromt.news\/index.php?rest_route=\/wp\/v2\/posts\/7395"}],"collection":[{"href":"https:\/\/agromt.news\/index.php?rest_route=\/wp\/v2\/posts"}],"about":[{"href":"https:\/\/agromt.news\/index.php?rest_route=\/wp\/v2\/types\/post"}],"author":[{"embeddable":true,"href":"https:\/\/agromt.news\/index.php?rest_route=\/wp\/v2\/users\/1"}],"replies":[{"embeddable":true,"href":"https:\/\/agromt.news\/index.php?rest_route=%2Fwp%2Fv2%2Fcomments&post=7395"}],"version-history":[{"count":0,"href":"https:\/\/agromt.news\/index.php?rest_route=\/wp\/v2\/posts\/7395\/revisions"}],"wp:featuredmedia":[{"embeddable":true,"href":"https:\/\/agromt.news\/index.php?rest_route=\/wp\/v2\/media\/7396"}],"wp:attachment":[{"href":"https:\/\/agromt.news\/index.php?rest_route=%2Fwp%2Fv2%2Fmedia&parent=7395"}],"wp:term":[{"taxonomy":"category","embeddable":true,"href":"https:\/\/agromt.news\/index.php?rest_route=%2Fwp%2Fv2%2Fcategories&post=7395"},{"taxonomy":"post_tag","embeddable":true,"href":"https:\/\/agromt.news\/index.php?rest_route=%2Fwp%2Fv2%2Ftags&post=7395"}],"curies":[{"name":"wp","href":"https:\/\/api.w.org\/{rel}","templated":true}]}}